{"id":605,"date":"2020-09-15T16:13:28","date_gmt":"2020-09-15T16:13:28","guid":{"rendered":"http:\/\/lavereda.com.mx\/?p=605"},"modified":"2020-09-15T16:13:28","modified_gmt":"2020-09-15T16:13:28","slug":"recital-de-musica-mexicana","status":"publish","type":"post","link":"https:\/\/lavereda.com.mx\/index.php\/2020\/09\/15\/recital-de-musica-mexicana\/","title":{"rendered":"Recital de m\u00fasica mexicana"},"content":{"rendered":"\n<p>La Seretar\u00eda de Cultura de Coahuila invita a \u201cLa Banda se conecta en tu casa \u00a1Viva M\u00e9xico!\u201d, un magnifico recital de m\u00fasica mexicana en l\u00ednea, con la participaci\u00f3n de la Banda de M\u00fasica del Estado de Coahuila, a 19:00 horas en las redes sociales de la dependencia:<\/p>\n\n\n\n<figure class=\"wp-block-embed-facebook wp-block-embed\"><div class=\"wp-block-embed__wrapper\">\nhttps:\/\/www.facebook.com\/CulturaCoahuilaOficial\/\n<\/div><\/figure>\n\n\n\n<p><\/p>\n\n\n\n<p>Asimismo el 16 de septiembre en punto de las 10:00 horas, la Direcci\u00f3n de Museos e Historia estar\u00e1 a cargo de la charla \u201cLa Independencia en Coahuila\u201d.<\/p>\n\n\n\n<p><\/p>\n","protected":false},"excerpt":{"rendered":"<p>La Seretar\u00eda de Cultura de Coahuila invita a \u201cLa Banda se conecta en tu casa \u00a1Viva M\u00e9xico!\u201d, un magnifico recital de m\u00fasica mexicana en l\u00ednea, con la participaci\u00f3n de la &hellip; <a href=\"https:\/\/lavereda.com.mx\/index.php\/2020\/09\/15\/recital-de-musica-mexicana\/\" class=\"more-link\">Leer m\u00e1s<\/a><\/p>\n","protected":false},"author":1,"featured_media":606,"comment_status":"open","ping_status":"open","sticky":false,"template":"","format":"standard","meta":{"footnotes":""},"categories":[11],"tags":[],"class_list":["post-605","post","type-post","status-publish","format-standard","has-post-thumbnail","hentry","category-agenda","entry"],"_links":{"self":[{"href":"https:\/\/lavereda.com.mx\/index.php\/wp-json\/wp\/v2\/posts\/605","targetHints":{"allow":["GET"]}}],"collection":[{"href":"https:\/\/lavereda.com.mx\/index.php\/wp-json\/wp\/v2\/posts"}],"about":[{"href":"https:\/\/lavereda.com.mx\/index.php\/wp-json\/wp\/v2\/types\/post"}],"author":[{"embeddable":true,"href":"https:\/\/lavereda.com.mx\/index.php\/wp-json\/wp\/v2\/users\/1"}],"replies":[{"embeddable":true,"href":"https:\/\/lavereda.com.mx\/index.php\/wp-json\/wp\/v2\/comments?post=605"}],"version-history":[{"count":1,"href":"https:\/\/lavereda.com.mx\/index.php\/wp-json\/wp\/v2\/posts\/605\/revisions"}],"predecessor-version":[{"id":607,"href":"https:\/\/lavereda.com.mx\/index.php\/wp-json\/wp\/v2\/posts\/605\/revisions\/607"}],"wp:featuredmedia":[{"embeddable":true,"href":"https:\/\/lavereda.com.mx\/index.php\/wp-json\/wp\/v2\/media\/606"}],"wp:attachment":[{"href":"https:\/\/lavereda.com.mx\/index.php\/wp-json\/wp\/v2\/media?parent=605"}],"wp:term":[{"taxonomy":"category","embeddable":true,"href":"https:\/\/lavereda.com.mx\/index.php\/wp-json\/wp\/v2\/categories?post=605"},{"taxonomy":"post_tag","embeddable":true,"href":"https:\/\/lavereda.com.mx\/index.php\/wp-json\/wp\/v2\/tags?post=605"}],"curies":[{"name":"wp","href":"https:\/\/api.w.org\/{rel}","templated":true}]}}