{"id":6049,"date":"2024-05-28T02:04:49","date_gmt":"2024-05-28T02:04:49","guid":{"rendered":"http:\/\/lavereda.com.mx\/?p=6049"},"modified":"2024-05-28T02:04:50","modified_gmt":"2024-05-28T02:04:50","slug":"celebra-diez-anos-en-el-arte-del-diseno","status":"publish","type":"post","link":"https:\/\/lavereda.com.mx\/index.php\/2024\/05\/28\/celebra-diez-anos-en-el-arte-del-diseno\/","title":{"rendered":"Celebra diez a\u00f1os en el arte del dise\u00f1o"},"content":{"rendered":"\n<p>El jueves 30 de mayo se realizar\u00e1 la inauguraci\u00f3n de \u00abCentellas en las yemas de los dedos\u00bb, una exposici\u00f3n que celebra los 10 a\u00f1os de trayectoria de la dise\u00f1adora y artista mexicana Paulina Meza, en Galer\u00eda Ju\u00e1rez 2525.<\/p>\n\n\n\n<p>Con esta obra conmemora una d\u00e9cada de \u201ccreatividad, pasi\u00f3n, evoluci\u00f3n y calidad en el arte de la joyer\u00eda\u201d.<\/p>\n\n\n\n<p>En esta exposici\u00f3n que iniciar\u00e1 a las 19:30 horas, se presentar\u00e1n m\u00e1s de 70 joyas originales creadas por la artista lagunera. \u201cLas piezas exhibidas abarcan una variedad de metales, tem\u00e1ticas y materiales, destac\u00e1ndose la plata, el lat\u00f3n, los materiales reciclados y el pl\u00e1stico de impresi\u00f3n 3D, reflejando la versatilidad y la innovaci\u00f3n\u201d, destac\u00f3 Paulina Meza.<\/p>\n\n\n\n<p>\u00abCentellas en las yemas de los dedos\u00bb traer\u00e1 al presente piezas realizadas durante los a\u00f1os de formaci\u00f3n acad\u00e9mica de Paulina, al mismo tiempo que presentar\u00e1 sus colecciones conceptuales m\u00e1s actuales y piezas in\u00e9ditas creadas para la celebraci\u00f3n.<\/p>\n\n\n\n<p>La curadur\u00eda de la exposici\u00f3n se encuentra a cargo de los artistas locales Daniel Torres y Mar\u00eda Ortiz, del estudio de dise\u00f1o Torreonense llamado Brutal Brand. Entre las joyas a exponerse se encuentran aquellas que han alcanzado reconocimiento internacional, incluyendo piezas que han sido exhibidas en la prestigiosa Milano Jewelry Week. Tambi\u00e9n se podr\u00e1n apreciar fotograf\u00edas del artista Rodrigo Meza Photo, acompa\u00f1ando la curadur\u00eda y tem\u00e1tica natural del evento.<\/p>\n\n\n\n<p>\u201cTodas las colaboraciones que han hecho posible esta celebraci\u00f3n son convenios con marcas locales y empresarios Laguneros, lo cual es de suma importancia para mi\u201d, agreg\u00f3 Paulina Meza, quien afirma que la celebraci\u00f3n del talento local es algo \u00edntimo del ADN de su marca.<\/p>\n\n\n\n<p>La inauguraci\u00f3n contar\u00e1 con una atm\u00f3sfera festiva y cultural, con m\u00fasica y regalos.<\/p>\n\n\n\n<p>Habr\u00e1 un peque\u00f1o mercadito de arte local, con artistas como Luis Sergio Rangel, del estudio Mucho Dise\u00f1o y vendedores de piedras locales Onyx Center. Adem\u00e1s, se realizar\u00e1n activaciones con m\u00faltiples patrocinadores, ofreciendo una experiencia \u00fanica y enriquecedora para todos los asistentes.<\/p>\n\n\n\n<p>La exposici\u00f3n estar\u00e1 abierta al p\u00fablico desde el 30 de mayo hasta el 30 de junio.<\/p>\n","protected":false},"excerpt":{"rendered":"<p>El jueves 30 de mayo se realizar\u00e1 la inauguraci\u00f3n de \u00abCentellas en las yemas de los dedos\u00bb, una exposici\u00f3n que celebra los 10 a\u00f1os de trayectoria de la dise\u00f1adora y &hellip; <a href=\"https:\/\/lavereda.com.mx\/index.php\/2024\/05\/28\/celebra-diez-anos-en-el-arte-del-diseno\/\" class=\"more-link\">Leer m\u00e1s<\/a><\/p>\n","protected":false},"author":9,"featured_media":6051,"comment_status":"open","ping_status":"open","sticky":false,"template":"","format":"standard","meta":{"footnotes":""},"categories":[3,18],"tags":[],"class_list":["post-6049","post","type-post","status-publish","format-standard","has-post-thumbnail","hentry","category-artes-visuales","category-lomasrelevante","entry"],"_links":{"self":[{"href":"https:\/\/lavereda.com.mx\/index.php\/wp-json\/wp\/v2\/posts\/6049","targetHints":{"allow":["GET"]}}],"collection":[{"href":"https:\/\/lavereda.com.mx\/index.php\/wp-json\/wp\/v2\/posts"}],"about":[{"href":"https:\/\/lavereda.com.mx\/index.php\/wp-json\/wp\/v2\/types\/post"}],"author":[{"embeddable":true,"href":"https:\/\/lavereda.com.mx\/index.php\/wp-json\/wp\/v2\/users\/9"}],"replies":[{"embeddable":true,"href":"https:\/\/lavereda.com.mx\/index.php\/wp-json\/wp\/v2\/comments?post=6049"}],"version-history":[{"count":1,"href":"https:\/\/lavereda.com.mx\/index.php\/wp-json\/wp\/v2\/posts\/6049\/revisions"}],"predecessor-version":[{"id":6050,"href":"https:\/\/lavereda.com.mx\/index.php\/wp-json\/wp\/v2\/posts\/6049\/revisions\/6050"}],"wp:featuredmedia":[{"embeddable":true,"href":"https:\/\/lavereda.com.mx\/index.php\/wp-json\/wp\/v2\/media\/6051"}],"wp:attachment":[{"href":"https:\/\/lavereda.com.mx\/index.php\/wp-json\/wp\/v2\/media?parent=6049"}],"wp:term":[{"taxonomy":"category","embeddable":true,"href":"https:\/\/lavereda.com.mx\/index.php\/wp-json\/wp\/v2\/categories?post=6049"},{"taxonomy":"post_tag","embeddable":true,"href":"https:\/\/lavereda.com.mx\/index.php\/wp-json\/wp\/v2\/tags?post=6049"}],"curies":[{"name":"wp","href":"https:\/\/api.w.org\/{rel}","templated":true}]}}