{"id":6046,"date":"2024-05-24T17:46:40","date_gmt":"2024-05-24T17:46:40","guid":{"rendered":"http:\/\/lavereda.com.mx\/?p=6046"},"modified":"2024-05-24T17:46:40","modified_gmt":"2024-05-24T17:46:40","slug":"el-guardian-de-las-monarcas","status":"publish","type":"post","link":"https:\/\/lavereda.com.mx\/index.php\/2024\/05\/24\/el-guardian-de-las-monarcas\/","title":{"rendered":"El guardi\u00e1n de las monarcas"},"content":{"rendered":"\n<p>El guardi\u00e1n de las monarcas, 2024<\/p>\n\n\n\n<p>Netflix<\/p>\n\n\n\n<p>El documental se centra en los riesgos del activismo a nivel internacional y, particularmente en M\u00e9xico.<\/p>\n\n\n\n<p>En Michoac\u00e1n un estado fallido, donde prevalecen zonas aisladas sin ley, el narco impone el orden. En este lugar Homero G\u00f3mez es un valiente ecologista que vive para preservar la mariposa monarca que aqu\u00ed tiene el santuario m\u00e1s grande del mundo.<\/p>\n\n\n\n<p>Luego de m\u00faltiples amenazas de criminales, desaparece.<\/p>\n\n\n\n<p>Con entrevistas a familiares, amigos y otros activistas se busca determinar su destino y la suerte que corri\u00f3, en manos de los delincuentes que est\u00e1n muy por encima de las autoridades.<\/p>\n\n\n\n<p>Ya se sabe que pereci\u00f3, pero indignan las explicaciones oficiales sobre el hecho.<\/p>\n\n\n\n<p>Es una pel\u00edcula vibrante que describe a un hombre como Homero que hizo diferencia, aunque pag\u00f3 el atrevimiento con su vida.<\/p>\n\n\n\n<p>Mueve a la reflexi\u00f3n.<\/p>\n\n\n\n<p>(PG-13. Orientaci\u00f3n de los padres a menores de 13 a\u00f1os)<\/p>\n\n\n\n<p>@LucianoCamposG<\/p>\n\n\n\n<figure class=\"wp-block-embed is-type-video is-provider-youtube wp-block-embed-youtube wp-embed-aspect-16-9 wp-has-aspect-ratio\"><div class=\"wp-block-embed__wrapper\">\n<iframe title=\"El Guardi\u00e1n de las Monarcas | Tr\u00e1iler oficial | Netflix\" width=\"1170\" height=\"658\" src=\"https:\/\/www.youtube.com\/embed\/JbNpqCIFugU?feature=oembed\" frameborder=\"0\" allow=\"accelerometer; autoplay; clipboard-write; encrypted-media; gyroscope; picture-in-picture; web-share\" referrerpolicy=\"strict-origin-when-cross-origin\" allowfullscreen><\/iframe>\n<\/div><\/figure>\n","protected":false},"excerpt":{"rendered":"<p>El guardi\u00e1n de las monarcas, 2024 Netflix El documental se centra en los riesgos del activismo a nivel internacional y, particularmente en M\u00e9xico. En Michoac\u00e1n un estado fallido, donde prevalecen &hellip; <a href=\"https:\/\/lavereda.com.mx\/index.php\/2024\/05\/24\/el-guardian-de-las-monarcas\/\" class=\"more-link\">Leer m\u00e1s<\/a><\/p>\n","protected":false},"author":3,"featured_media":6047,"comment_status":"open","ping_status":"open","sticky":false,"template":"","format":"standard","meta":{"footnotes":""},"categories":[6,7,18],"tags":[40,56],"class_list":["post-6046","post","type-post","status-publish","format-standard","has-post-thumbnail","hentry","category-cinetv","category-entretenimiento","category-lomasrelevante","tag-cine","tag-netflix","entry"],"_links":{"self":[{"href":"https:\/\/lavereda.com.mx\/index.php\/wp-json\/wp\/v2\/posts\/6046","targetHints":{"allow":["GET"]}}],"collection":[{"href":"https:\/\/lavereda.com.mx\/index.php\/wp-json\/wp\/v2\/posts"}],"about":[{"href":"https:\/\/lavereda.com.mx\/index.php\/wp-json\/wp\/v2\/types\/post"}],"author":[{"embeddable":true,"href":"https:\/\/lavereda.com.mx\/index.php\/wp-json\/wp\/v2\/users\/3"}],"replies":[{"embeddable":true,"href":"https:\/\/lavereda.com.mx\/index.php\/wp-json\/wp\/v2\/comments?post=6046"}],"version-history":[{"count":1,"href":"https:\/\/lavereda.com.mx\/index.php\/wp-json\/wp\/v2\/posts\/6046\/revisions"}],"predecessor-version":[{"id":6048,"href":"https:\/\/lavereda.com.mx\/index.php\/wp-json\/wp\/v2\/posts\/6046\/revisions\/6048"}],"wp:featuredmedia":[{"embeddable":true,"href":"https:\/\/lavereda.com.mx\/index.php\/wp-json\/wp\/v2\/media\/6047"}],"wp:attachment":[{"href":"https:\/\/lavereda.com.mx\/index.php\/wp-json\/wp\/v2\/media?parent=6046"}],"wp:term":[{"taxonomy":"category","embeddable":true,"href":"https:\/\/lavereda.com.mx\/index.php\/wp-json\/wp\/v2\/categories?post=6046"},{"taxonomy":"post_tag","embeddable":true,"href":"https:\/\/lavereda.com.mx\/index.php\/wp-json\/wp\/v2\/tags?post=6046"}],"curies":[{"name":"wp","href":"https:\/\/api.w.org\/{rel}","templated":true}]}}