{"id":6037,"date":"2024-05-24T01:26:35","date_gmt":"2024-05-24T01:26:35","guid":{"rendered":"http:\/\/lavereda.com.mx\/?p=6037"},"modified":"2024-05-24T01:30:12","modified_gmt":"2024-05-24T01:30:12","slug":"el-museo-arocena-presenta-animales-de-compania-en-el-arte","status":"publish","type":"post","link":"https:\/\/lavereda.com.mx\/index.php\/2024\/05\/24\/el-museo-arocena-presenta-animales-de-compania-en-el-arte\/","title":{"rendered":"El Museo Arocena presenta: Animales de Compa\u00f1\u00eda en el Arte"},"content":{"rendered":"\n<p>Las mascotas han formado parte de nuestra vida cotidiana desde la antig\u00fcedad, por lo que el Museo Arocena invita a disfrutar de la exposici\u00f3n \u201cLa historia que nos une: animales de compa\u00f1\u00eda en el arte\u201d, a partir de hoy y hasta el mes de septiembre.<\/p>\n\n\n\n<p>La exposici\u00f3n se integra por alrededor de 60 obras como pinturas, fotograf\u00edas y grabados desde el siglo XVII en adelante, que reflejan esa sensibilidad que las personas hemos desarrollado hacia los animales de compa\u00f1\u00eda.<\/p>\n\n\n\n<p>En esta muestra colaboran 12 colecciones de arte de nuestro pa\u00eds, como el Museo Nacional de San Carlos, el Museo Soumaya en museo L\u00f3pez Velarde y por supuesto el Museo Arocena, as\u00ed como fotograf\u00edas de la Fototeca Nacional.<\/p>\n\n\n\n<p>La muestra se organiza en cinco n\u00facleos tem\u00e1ticos que permiten comprender la evoluci\u00f3n visual que hemos construido alrededor de esta relaci\u00f3n con los animales, que hemos hecho parte de nuestra familia.<\/p>\n\n\n\n<figure class=\"wp-block-image size-full is-resized\"><img fetchpriority=\"high\" decoding=\"async\" width=\"1000\" height=\"750\" src=\"https:\/\/lavereda.com.mx\/wp-content\/uploads\/2024\/05\/animales2.jpeg\" alt=\"\" class=\"wp-image-6038\" style=\"width:503px;height:auto\" srcset=\"https:\/\/lavereda.com.mx\/wp-content\/uploads\/2024\/05\/animales2.jpeg 1000w, https:\/\/lavereda.com.mx\/wp-content\/uploads\/2024\/05\/animales2-300x225.jpeg 300w, https:\/\/lavereda.com.mx\/wp-content\/uploads\/2024\/05\/animales2-768x576.jpeg 768w\" sizes=\"(max-width: 1000px) 100vw, 1000px\" \/><\/figure>\n\n\n\n<p><\/p>\n\n\n\n<p>La directora del Museo Arocena Fabiola Favila aclar\u00f3 que esta no ser\u00e1 una exposici\u00f3n <em>pet friendly<\/em>, sin embargo, invit\u00f3 a todas las familias laguneras a comprar regalos para mascotas en la tienda del museo, as\u00ed como aprovechar las charlas, cursos y talleres que se realizar\u00e1n en torno a esta exposici\u00f3n durante el verano.<\/p>\n\n\n\n<p>\u201cAnimales de compa\u00f1\u00eda en el arte\u201d busca aprehender las relaciones armoniosas entre humanos y animales en una serie de representaciones visuales que develan los v\u00ednculos que hemos forjado y que hoy, siguen m\u00e1s vigentes que nunca, se\u00f1alan los curadores.<\/p>\n","protected":false},"excerpt":{"rendered":"<p>Las mascotas han formado parte de nuestra vida cotidiana desde la antig\u00fcedad, por lo que el Museo Arocena invita a disfrutar de la exposici\u00f3n \u201cLa historia que nos une: animales &hellip; <a href=\"https:\/\/lavereda.com.mx\/index.php\/2024\/05\/24\/el-museo-arocena-presenta-animales-de-compania-en-el-arte\/\" class=\"more-link\">Leer m\u00e1s<\/a><\/p>\n","protected":false},"author":9,"featured_media":6039,"comment_status":"open","ping_status":"open","sticky":false,"template":"","format":"standard","meta":{"footnotes":""},"categories":[3,18],"tags":[62,132],"class_list":["post-6037","post","type-post","status-publish","format-standard","has-post-thumbnail","hentry","category-artes-visuales","category-lomasrelevante","tag-arte","tag-museo-arocena","entry"],"_links":{"self":[{"href":"https:\/\/lavereda.com.mx\/index.php\/wp-json\/wp\/v2\/posts\/6037","targetHints":{"allow":["GET"]}}],"collection":[{"href":"https:\/\/lavereda.com.mx\/index.php\/wp-json\/wp\/v2\/posts"}],"about":[{"href":"https:\/\/lavereda.com.mx\/index.php\/wp-json\/wp\/v2\/types\/post"}],"author":[{"embeddable":true,"href":"https:\/\/lavereda.com.mx\/index.php\/wp-json\/wp\/v2\/users\/9"}],"replies":[{"embeddable":true,"href":"https:\/\/lavereda.com.mx\/index.php\/wp-json\/wp\/v2\/comments?post=6037"}],"version-history":[{"count":2,"href":"https:\/\/lavereda.com.mx\/index.php\/wp-json\/wp\/v2\/posts\/6037\/revisions"}],"predecessor-version":[{"id":6041,"href":"https:\/\/lavereda.com.mx\/index.php\/wp-json\/wp\/v2\/posts\/6037\/revisions\/6041"}],"wp:featuredmedia":[{"embeddable":true,"href":"https:\/\/lavereda.com.mx\/index.php\/wp-json\/wp\/v2\/media\/6039"}],"wp:attachment":[{"href":"https:\/\/lavereda.com.mx\/index.php\/wp-json\/wp\/v2\/media?parent=6037"}],"wp:term":[{"taxonomy":"category","embeddable":true,"href":"https:\/\/lavereda.com.mx\/index.php\/wp-json\/wp\/v2\/categories?post=6037"},{"taxonomy":"post_tag","embeddable":true,"href":"https:\/\/lavereda.com.mx\/index.php\/wp-json\/wp\/v2\/tags?post=6037"}],"curies":[{"name":"wp","href":"https:\/\/api.w.org\/{rel}","templated":true}]}}