{"id":6034,"date":"2024-05-23T01:05:08","date_gmt":"2024-05-23T01:05:08","guid":{"rendered":"http:\/\/lavereda.com.mx\/?p=6034"},"modified":"2024-05-23T01:05:09","modified_gmt":"2024-05-23T01:05:09","slug":"mas-de-un-millon-de-personas-visitaron-el-jaguar-un-totem-de-mesoamerica-en-china","status":"publish","type":"post","link":"https:\/\/lavereda.com.mx\/index.php\/2024\/05\/23\/mas-de-un-millon-de-personas-visitaron-el-jaguar-un-totem-de-mesoamerica-en-china\/","title":{"rendered":"M\u00e1s de un mill\u00f3n de personas visitaron \u201cEl Jaguar, un t\u00f3tem de Mesoam\u00e9rica\u201d en China"},"content":{"rendered":"\n<ul class=\"wp-block-list\">\n<li><strong>La colecci\u00f3n ser\u00e1 ahora expuesta en Chengdu, donde permanecer\u00e1 hasta agosto pr\u00f3ximo<\/strong><\/li>\n<\/ul>\n\n\n\n<p>La muestra temporal \u201cEl Jaguar, un t\u00f3tem de Mesoam\u00e9rica\u201d, que se exhibe en diferentes ciudades de la Rep\u00fablica Popular China, concluy\u00f3 en d\u00edas pasados su itinerancia en el Museo Provincial de Liaoning, su segunda sede, alcanzando la cifra de 1,123,761 visitantes.<\/p>\n\n\n\n<p>La exposici\u00f3n permite al visitante reconocer la importancia de dicho felino por medio de 146 objetos arqueol\u00f3gicos y ocho etnogr\u00e1ficos, correspondientes a las temporalidades que median entre los periodos Precl\u00e1sico (1200-900 a. C.) y Poscl\u00e1sico Tard\u00edo (1200-1521 d. C.).<\/p>\n\n\n\n<p>En ella se incluyen fragmentos de murales teotihuacanos; ollas Tl\u00e1loc y un friso del Museo del Templo Mayor; una urna funeraria zapoteca del Museo Nacional de las Culturas del Mundo, as\u00ed como figurillas antropomorfas y zoomorfas, adem\u00e1s de l\u00e1pidas con bajorrelieves del Museo Nacional de Antropolog\u00eda, entre otras piezas de los acervos del Instituto Nacional de Antropolog\u00eda e Historia (INAH) y de recintos culturales externos como el Museo de Antropolog\u00eda de Xalapa, Veracruz, y el Museo Amparo, de Puebla.<\/p>\n\n\n\n<p>La colecci\u00f3n, organizada en cuatro ejes tem\u00e1ticos, explica el v\u00ednculo del jaguar con el agua, el ma\u00edz y el cuerpo, y busca transmitir la herencia de un conocimiento basado en la experiencia de convivencia con este animal durante 3,000 a\u00f1os.<\/p>\n\n\n\n<p>Del 1 de julio al 8 de octubre de 2023, la muestra se exhibi\u00f3 en el Museo de Hunan, al sur de China, y fue visitada por 136,943 personas.<\/p>\n\n\n\n<p>La colecci\u00f3n se dirige ahora a su tercera sede, en Chengdu, donde permanecer\u00e1 hasta agosto de 2024.<\/p>\n","protected":false},"excerpt":{"rendered":"<p>La muestra temporal \u201cEl Jaguar, un t\u00f3tem de Mesoam\u00e9rica\u201d, que se exhibe en diferentes ciudades de la Rep\u00fablica Popular China, concluy\u00f3 en d\u00edas pasados su itinerancia en el Museo Provincial &hellip; <a href=\"https:\/\/lavereda.com.mx\/index.php\/2024\/05\/23\/mas-de-un-millon-de-personas-visitaron-el-jaguar-un-totem-de-mesoamerica-en-china\/\" class=\"more-link\">Leer m\u00e1s<\/a><\/p>\n","protected":false},"author":1,"featured_media":6035,"comment_status":"open","ping_status":"open","sticky":false,"template":"","format":"standard","meta":{"footnotes":""},"categories":[3,18],"tags":[],"class_list":["post-6034","post","type-post","status-publish","format-standard","has-post-thumbnail","hentry","category-artes-visuales","category-lomasrelevante","entry"],"_links":{"self":[{"href":"https:\/\/lavereda.com.mx\/index.php\/wp-json\/wp\/v2\/posts\/6034","targetHints":{"allow":["GET"]}}],"collection":[{"href":"https:\/\/lavereda.com.mx\/index.php\/wp-json\/wp\/v2\/posts"}],"about":[{"href":"https:\/\/lavereda.com.mx\/index.php\/wp-json\/wp\/v2\/types\/post"}],"author":[{"embeddable":true,"href":"https:\/\/lavereda.com.mx\/index.php\/wp-json\/wp\/v2\/users\/1"}],"replies":[{"embeddable":true,"href":"https:\/\/lavereda.com.mx\/index.php\/wp-json\/wp\/v2\/comments?post=6034"}],"version-history":[{"count":1,"href":"https:\/\/lavereda.com.mx\/index.php\/wp-json\/wp\/v2\/posts\/6034\/revisions"}],"predecessor-version":[{"id":6036,"href":"https:\/\/lavereda.com.mx\/index.php\/wp-json\/wp\/v2\/posts\/6034\/revisions\/6036"}],"wp:featuredmedia":[{"embeddable":true,"href":"https:\/\/lavereda.com.mx\/index.php\/wp-json\/wp\/v2\/media\/6035"}],"wp:attachment":[{"href":"https:\/\/lavereda.com.mx\/index.php\/wp-json\/wp\/v2\/media?parent=6034"}],"wp:term":[{"taxonomy":"category","embeddable":true,"href":"https:\/\/lavereda.com.mx\/index.php\/wp-json\/wp\/v2\/categories?post=6034"},{"taxonomy":"post_tag","embeddable":true,"href":"https:\/\/lavereda.com.mx\/index.php\/wp-json\/wp\/v2\/tags?post=6034"}],"curies":[{"name":"wp","href":"https:\/\/api.w.org\/{rel}","templated":true}]}}