{"id":6021,"date":"2024-05-15T00:25:48","date_gmt":"2024-05-15T00:25:48","guid":{"rendered":"http:\/\/lavereda.com.mx\/?p=6021"},"modified":"2024-05-15T00:25:49","modified_gmt":"2024-05-15T00:25:49","slug":"mariana-chabukiani-deleitara-con-concierto-de-rachmaninoff","status":"publish","type":"post","link":"https:\/\/lavereda.com.mx\/index.php\/2024\/05\/15\/mariana-chabukiani-deleitara-con-concierto-de-rachmaninoff\/","title":{"rendered":"Mariana Chabukiani deleitar\u00e1 con concierto de Rachmaninoff"},"content":{"rendered":"\n<p>La maestra Mariana Chabukiani regresa como solista con la Camerata de Coahuila para presentar un gran concierto para piano, donde desplegar\u00e1 el talento, la t\u00e9cnica y la pasi\u00f3n que caracteriza sus interpretaciones.<\/p>\n\n\n\n<p>La orquesta ha anunciado su d\u00e9cimo concierto de la temporada Primavera Verano 2024, con un programa conformado por Danzas Eslavas, Op. 46 de Anton\u00edn Dvo\u0159\u00e1k y el Concierto para piano no.2 en do menor, Op.18 de Sergei Rachmaninoff, con la participaci\u00f3n de la reconocida pianista Mariana Chabukiani, bajo la direcci\u00f3n del Maestro Ram\u00f3n Shade.<\/p>\n\n\n\n<p>Este concierto contar\u00e1 con dos presentaciones este jueves 16 y viernes 17 de mayo en punto de las 20:30 horas en el Teatro Isauro Mart\u00ednez.<\/p>\n\n\n\n<p>\u00abLa m\u00fasica de Rachmaninoff glorifica tiernamente la belleza de la vida\u2026 el oyente experimenta la presencia de la respiraci\u00f3n humana, un flujo vital de habla viva, que va de coraz\u00f3n a coraz\u00f3n\u00bb, escribi\u00f3 Boris Asafiev.<\/p>\n\n\n\n<p>Mariana Chabukiani es la pianista de la Camerata de Coahuila desde 1999, nacida en Georgia.<br>Combina sus conciertos de solista con la actividad orquestal, pedag\u00f3gica y de la m\u00fasica de c\u00e1mara.<\/p>\n\n\n\n<p>Ha participado como solista en varias ocasiones con la Sinf\u00f3nica Nacional de Georgia, Orquesta Sinf\u00f3nica de Mosc\u00fa, Camerata de Coahuila, Sinf\u00f3nica de Aguascalientes entre otras, bajo la batuta de los directores Revaz Takidze, Jemal Gokieli, Ramon Shade, Dmitry Orlov, Miguel Meissner, Simon Camartin, Manfred<br>Huss, Alfredo Ibarra, Miguel Salm\u00f3n del Real, J\u00f6rg Birhance, Lanfranco Marcelletti.<\/p>\n\n\n\n<p>Los premios de la maestra Chabukiani incluyen primeros lugares en las competencias tales como el Concurso Nacional de Piano de Georgia en Tbilisi y el Concurso para Dos Pianos en Georgia.<\/p>\n\n\n\n<p>En 2020 recibi\u00f3 el premio de excelencia y el t\u00edtulo de mejor maestra en el concurso internacional Forte International Music Competition en Carnegie Hall, Nueva York.<\/p>\n\n\n\n<p><\/p>\n\n\n\n<p><\/p>\n\n\n\n<p><\/p>\n","protected":false},"excerpt":{"rendered":"<p>La maestra Mariana Chabukiani regresa como solista con la Camerata de Coahuila para presentar un gran concierto para piano, donde desplegar\u00e1 el talento, la t\u00e9cnica y la pasi\u00f3n que caracteriza &hellip; <a href=\"https:\/\/lavereda.com.mx\/index.php\/2024\/05\/15\/mariana-chabukiani-deleitara-con-concierto-de-rachmaninoff\/\" class=\"more-link\">Leer m\u00e1s<\/a><\/p>\n","protected":false},"author":9,"featured_media":6022,"comment_status":"open","ping_status":"open","sticky":false,"template":"","format":"standard","meta":{"footnotes":""},"categories":[4],"tags":[],"class_list":["post-6021","post","type-post","status-publish","format-standard","has-post-thumbnail","hentry","category-musica","entry"],"_links":{"self":[{"href":"https:\/\/lavereda.com.mx\/index.php\/wp-json\/wp\/v2\/posts\/6021","targetHints":{"allow":["GET"]}}],"collection":[{"href":"https:\/\/lavereda.com.mx\/index.php\/wp-json\/wp\/v2\/posts"}],"about":[{"href":"https:\/\/lavereda.com.mx\/index.php\/wp-json\/wp\/v2\/types\/post"}],"author":[{"embeddable":true,"href":"https:\/\/lavereda.com.mx\/index.php\/wp-json\/wp\/v2\/users\/9"}],"replies":[{"embeddable":true,"href":"https:\/\/lavereda.com.mx\/index.php\/wp-json\/wp\/v2\/comments?post=6021"}],"version-history":[{"count":1,"href":"https:\/\/lavereda.com.mx\/index.php\/wp-json\/wp\/v2\/posts\/6021\/revisions"}],"predecessor-version":[{"id":6023,"href":"https:\/\/lavereda.com.mx\/index.php\/wp-json\/wp\/v2\/posts\/6021\/revisions\/6023"}],"wp:featuredmedia":[{"embeddable":true,"href":"https:\/\/lavereda.com.mx\/index.php\/wp-json\/wp\/v2\/media\/6022"}],"wp:attachment":[{"href":"https:\/\/lavereda.com.mx\/index.php\/wp-json\/wp\/v2\/media?parent=6021"}],"wp:term":[{"taxonomy":"category","embeddable":true,"href":"https:\/\/lavereda.com.mx\/index.php\/wp-json\/wp\/v2\/categories?post=6021"},{"taxonomy":"post_tag","embeddable":true,"href":"https:\/\/lavereda.com.mx\/index.php\/wp-json\/wp\/v2\/tags?post=6021"}],"curies":[{"name":"wp","href":"https:\/\/api.w.org\/{rel}","templated":true}]}}