{"id":602,"date":"2020-09-14T22:51:06","date_gmt":"2020-09-14T22:51:06","guid":{"rendered":"http:\/\/lavereda.com.mx\/?p=602"},"modified":"2020-09-14T22:51:08","modified_gmt":"2020-09-14T22:51:08","slug":"anuncian-seleccionados-de-la-convocatoria-territorio-escenico","status":"publish","type":"post","link":"https:\/\/lavereda.com.mx\/index.php\/2020\/09\/14\/anuncian-seleccionados-de-la-convocatoria-territorio-escenico\/","title":{"rendered":"Anuncian seleccionados de la convocatoria: Territorio Esc\u00e9nico"},"content":{"rendered":"\n<p>La Secretar\u00eda de Cultura de Coahuila inform\u00f3 que despu\u00e9s de la deliberaci\u00f3n del jurado ya se tiene a los seleccionados\u00a0 la convocatoria \u201cTerritorio Esc\u00e9nico\u201d.<\/p>\n\n\n\n<p>En esta convocatoria participaron creadores de las disciplinas esc\u00e9nicas de Teatro, Danza, M\u00fasica y \u00d3pera.\u00a0<\/p>\n\n\n\n<p>En esta ocasi\u00f3n se eligieron 11 proyectos, los cuales est\u00e1n dirigidos a ni\u00f1as, ni\u00f1os y\/o\u00a0j\u00f3venes.<\/p>\n\n\n\n<p>Estos proyectos tiene el objetivo de presentarse directamente en las comunidades y espacios p\u00fablicos distintos a los espacios esc\u00e9nicos convencionales de sus regiones.&nbsp;<\/p>\n\n\n\n<p>La dependencia indic\u00f3 que los proyectos ganadores son los siguientes:&nbsp;<\/p>\n\n\n\n<p>DANZA<\/p>\n\n\n\n<p>\u00b7&nbsp;&nbsp;&nbsp;&nbsp;&nbsp;&nbsp;\u201cM\u00e9xico y su historia a trav\u00e9s de la danza\u201d, a cargo de Adriana Sald\u00edvar Mart\u00ednez.<\/p>\n\n\n\n<p>\u00b7&nbsp;&nbsp;&nbsp;&nbsp;&nbsp;&nbsp;\u201cUn cascanueces\u201d, bajo la responsabilidad de Tania S\u00e1nchezviesca del R\u00edo.&nbsp;<\/p>\n\n\n\n<p>\u00b7&nbsp;&nbsp;&nbsp;&nbsp;&nbsp;&nbsp;\u201cLa caja de juguetes\u201d, de Jes\u00fas Jaime Hinojosa.&nbsp;<\/p>\n\n\n\n<p>M\u00daSICA<\/p>\n\n\n\n<p>\u00b7&nbsp;&nbsp;&nbsp;&nbsp;&nbsp;&nbsp;\u201cPuppet \u00d3pera\u201d, de Cristina Oreg\u00f3n Ponce.&nbsp;<\/p>\n\n\n\n<p>\u00b7&nbsp;&nbsp;&nbsp;&nbsp;&nbsp;&nbsp;\u201cCanciones, payasos y narraciones que ilustran\u201d, a cargo de Arturo Marines.<\/p>\n\n\n\n<p>TEATRO<\/p>\n\n\n\n<p>\u00b7&nbsp;&nbsp;&nbsp;&nbsp;&nbsp;&nbsp;\u201cLa herencia de los nahuales\u201d, bajo la responsabilidad de Sa\u00fal Mart\u00ednez Gallegos.&nbsp;<\/p>\n\n\n\n<p>\u00b7&nbsp;&nbsp;&nbsp;&nbsp;&nbsp;&nbsp;\u201cIrina\u201d, bajo la responsabilidad de Armando S\u00e1nchez Tenorio.&nbsp;<\/p>\n\n\n\n<p>\u00b7&nbsp;&nbsp;&nbsp;&nbsp;&nbsp;&nbsp;\u201cValentina y la sombra del Diablo\u201d, a cargo de Rosa Elizabeth Guti\u00e9rrez.&nbsp;<\/p>\n\n\n\n<p>\u00b7&nbsp;&nbsp;&nbsp;&nbsp;&nbsp;&nbsp;\u201cRupestre\u201d, de Sergio Silveti Ayup.&nbsp;<\/p>\n\n\n\n<p>\u00b7&nbsp;&nbsp;&nbsp;&nbsp;&nbsp;&nbsp;\u201cLa tienda de don Verdi\u201d, a cargo de Jos\u00e9 Palacios Ortiz.&nbsp;<\/p>\n\n\n\n<p>\u00b7&nbsp;&nbsp;&nbsp;&nbsp;&nbsp;&nbsp;\u201cArrullos para Benjam\u00edn\u201d, de Hugo Alberto Dena Silva.<\/p>\n","protected":false},"excerpt":{"rendered":"<p>La Secretar\u00eda de Cultura de Coahuila inform\u00f3 que despu\u00e9s de la deliberaci\u00f3n del jurado ya se tiene a los seleccionados\u00a0 la convocatoria \u201cTerritorio Esc\u00e9nico\u201d. En esta convocatoria participaron creadores de &hellip; <a href=\"https:\/\/lavereda.com.mx\/index.php\/2020\/09\/14\/anuncian-seleccionados-de-la-convocatoria-territorio-escenico\/\" class=\"more-link\">Leer m\u00e1s<\/a><\/p>\n","protected":false},"author":1,"featured_media":603,"comment_status":"open","ping_status":"open","sticky":false,"template":"","format":"standard","meta":{"footnotes":""},"categories":[2,18],"tags":[],"class_list":["post-602","post","type-post","status-publish","format-standard","has-post-thumbnail","hentry","category-artes-escenicas","category-lomasrelevante","entry"],"_links":{"self":[{"href":"https:\/\/lavereda.com.mx\/index.php\/wp-json\/wp\/v2\/posts\/602","targetHints":{"allow":["GET"]}}],"collection":[{"href":"https:\/\/lavereda.com.mx\/index.php\/wp-json\/wp\/v2\/posts"}],"about":[{"href":"https:\/\/lavereda.com.mx\/index.php\/wp-json\/wp\/v2\/types\/post"}],"author":[{"embeddable":true,"href":"https:\/\/lavereda.com.mx\/index.php\/wp-json\/wp\/v2\/users\/1"}],"replies":[{"embeddable":true,"href":"https:\/\/lavereda.com.mx\/index.php\/wp-json\/wp\/v2\/comments?post=602"}],"version-history":[{"count":1,"href":"https:\/\/lavereda.com.mx\/index.php\/wp-json\/wp\/v2\/posts\/602\/revisions"}],"predecessor-version":[{"id":604,"href":"https:\/\/lavereda.com.mx\/index.php\/wp-json\/wp\/v2\/posts\/602\/revisions\/604"}],"wp:featuredmedia":[{"embeddable":true,"href":"https:\/\/lavereda.com.mx\/index.php\/wp-json\/wp\/v2\/media\/603"}],"wp:attachment":[{"href":"https:\/\/lavereda.com.mx\/index.php\/wp-json\/wp\/v2\/media?parent=602"}],"wp:term":[{"taxonomy":"category","embeddable":true,"href":"https:\/\/lavereda.com.mx\/index.php\/wp-json\/wp\/v2\/categories?post=602"},{"taxonomy":"post_tag","embeddable":true,"href":"https:\/\/lavereda.com.mx\/index.php\/wp-json\/wp\/v2\/tags?post=602"}],"curies":[{"name":"wp","href":"https:\/\/api.w.org\/{rel}","templated":true}]}}