{"id":6011,"date":"2024-05-11T01:19:55","date_gmt":"2024-05-11T01:19:55","guid":{"rendered":"http:\/\/lavereda.com.mx\/?p=6011"},"modified":"2024-05-11T01:19:56","modified_gmt":"2024-05-11T01:19:56","slug":"10-de-mayo-la-resaca","status":"publish","type":"post","link":"https:\/\/lavereda.com.mx\/index.php\/2024\/05\/11\/10-de-mayo-la-resaca\/","title":{"rendered":"10 de mayo: la resaca"},"content":{"rendered":"\n<p>Siempre ha habido mam\u00e1s que hemos renegado un poco del clich\u00e9 que significa el 10 de mayo. Que hemos preferido pasar una ma\u00f1ana en casa, salir poco o no salir ese d\u00eda. Una amiga, doctora en ciencias y madre de dos tiernas hijas me dijo \u201ces que yo siento que no hay nada que celebrar\u201d.<\/p>\n\n\n\n<p>Y le creo porque esta sociedad no ha sido lo suficientemente justa con las madres y con las mujeres en general. Mientras se siga creyendo que regalar electrodom\u00e9sticos y pasteles es lo mejor para las mam\u00e1s, todo seguir\u00e1 igual.<\/p>\n\n\n\n<p>\u00bfPor qu\u00e9 no pensar en que a este pa\u00eds le ha hecho falta crear las condiciones para una maternidad m\u00e1s segura? Me refiero a la cantidad de deudores de pensi\u00f3n alimenticia que a\u00fan existen. A la falta de leyes que beneficien a las mam\u00e1s cuando no pueden trabajar porque es su decisi\u00f3n cuidar a sus hijos reci\u00e9n nacidos, por m\u00e1s de tres meses.<\/p>\n\n\n\n<p>No s\u00f3lo se trata de crear guarder\u00edas. Se trata de que los trabajos sean emp\u00e1ticos con las madres: a la hora de atender a hijos enfermos, al momento de recogerlos de la escuela. Pero tambi\u00e9n con los padres, las familias necesitan con urgencia m\u00e1s tiempo de uni\u00f3n y de descanso. La salud mental nos est\u00e1 dando unas fuertes lecciones de vida en los \u00faltimos a\u00f1os.&nbsp;<\/p>\n\n\n\n<p>Y qu\u00e9 decir de las madres buscadoras: este a\u00f1o las madres de Grupo Vida en La Laguna participan en la marcha nacional que convoca el Movimiento Por Nuestros Desaparecidos en la Ciudad de M\u00e9xico. No sobra decir que Coahuila es uno de los diez estados con m\u00e1s desapariciones. Y ah\u00ed est\u00e1n las madres buscadoras, con un esp\u00edritu incansable.<\/p>\n\n\n\n<p>\u00bfQu\u00e9 hacer cuando te enteras que la maternidad adolescente ha derivado en una omisi\u00f3n de cuidados hacia la infancia cada vez m\u00e1s presente?&nbsp;<\/p>\n\n\n\n<p>La de ser madre s\u00ed es una tarea dura que no se parece a la de cualquier trabajo. Dura pero fr\u00e1gil, porque es imposible no reconocer el sentimiento de amor que genera, por encima de todo. Es tierna, es incondicional. Por eso es que merece algo m\u00e1s que chocolates, pasteles, perfumes y largos festivales escolares.<\/p>\n\n\n\n<p>Merece empat\u00eda, condiciones laborales justas. Un entorno dom\u00e9stico que no le absorba la vida, la libertad de trabajar, de hacer ejercicio, de disfrutar, de leer, de estudiar, de seguir siendo una mujer con un lugar en el mundo.<\/p>\n\n\n\n<p>Feliz d\u00eda, sin embargo, a todas las mam\u00e1s lectoras.<\/p>\n\n\n\n<p><em>Foto: freepik<\/em><\/p>\n\n\n\n<p><em>Twitter: @Lavargasadri<\/em><\/p>\n","protected":false},"excerpt":{"rendered":"<p>Siempre ha habido mam\u00e1s que hemos renegado un poco del clich\u00e9 que significa el 10 de mayo. Que hemos preferido pasar una ma\u00f1ana en casa, salir poco o no salir &hellip; <a href=\"https:\/\/lavereda.com.mx\/index.php\/2024\/05\/11\/10-de-mayo-la-resaca\/\" class=\"more-link\">Leer m\u00e1s<\/a><\/p>\n","protected":false},"author":9,"featured_media":6012,"comment_status":"open","ping_status":"open","sticky":false,"template":"","format":"standard","meta":{"footnotes":""},"categories":[18,9,8],"tags":[127,126],"class_list":["post-6011","post","type-post","status-publish","format-standard","has-post-thumbnail","hentry","category-lomasrelevante","category-opinion","category-sociedad","tag-10-de-mayo","tag-dia-de-las-madres","entry"],"_links":{"self":[{"href":"https:\/\/lavereda.com.mx\/index.php\/wp-json\/wp\/v2\/posts\/6011","targetHints":{"allow":["GET"]}}],"collection":[{"href":"https:\/\/lavereda.com.mx\/index.php\/wp-json\/wp\/v2\/posts"}],"about":[{"href":"https:\/\/lavereda.com.mx\/index.php\/wp-json\/wp\/v2\/types\/post"}],"author":[{"embeddable":true,"href":"https:\/\/lavereda.com.mx\/index.php\/wp-json\/wp\/v2\/users\/9"}],"replies":[{"embeddable":true,"href":"https:\/\/lavereda.com.mx\/index.php\/wp-json\/wp\/v2\/comments?post=6011"}],"version-history":[{"count":1,"href":"https:\/\/lavereda.com.mx\/index.php\/wp-json\/wp\/v2\/posts\/6011\/revisions"}],"predecessor-version":[{"id":6013,"href":"https:\/\/lavereda.com.mx\/index.php\/wp-json\/wp\/v2\/posts\/6011\/revisions\/6013"}],"wp:featuredmedia":[{"embeddable":true,"href":"https:\/\/lavereda.com.mx\/index.php\/wp-json\/wp\/v2\/media\/6012"}],"wp:attachment":[{"href":"https:\/\/lavereda.com.mx\/index.php\/wp-json\/wp\/v2\/media?parent=6011"}],"wp:term":[{"taxonomy":"category","embeddable":true,"href":"https:\/\/lavereda.com.mx\/index.php\/wp-json\/wp\/v2\/categories?post=6011"},{"taxonomy":"post_tag","embeddable":true,"href":"https:\/\/lavereda.com.mx\/index.php\/wp-json\/wp\/v2\/tags?post=6011"}],"curies":[{"name":"wp","href":"https:\/\/api.w.org\/{rel}","templated":true}]}}