{"id":6005,"date":"2024-05-09T01:10:39","date_gmt":"2024-05-09T01:10:39","guid":{"rendered":"http:\/\/lavereda.com.mx\/?p=6005"},"modified":"2024-05-09T01:10:39","modified_gmt":"2024-05-09T01:10:39","slug":"el-documental-frida-se-estrena-en-mexico","status":"publish","type":"post","link":"https:\/\/lavereda.com.mx\/index.php\/2024\/05\/09\/el-documental-frida-se-estrena-en-mexico\/","title":{"rendered":"El documental \u00abFrida\u00bb se estrena en M\u00e9xico"},"content":{"rendered":"\n<ul class=\"wp-block-list\">\n<li><em>Una mirada a la vida personal de la reconocida artista es a trav\u00e9s de sus propias palabras, cartas, diarios personales y materiales fotogr\u00e1ficos por la voz de Fernanda Echevarr\u00eda<\/em><\/li>\n<\/ul>\n\n\n\n<p>Una mirada \u00edntima a la vida de Frida Kahlo llegar\u00e1 a la pantalla grande gracias a \u201cFrida\u201d, un documental que a trav\u00e9s de materiales gr\u00e1ficos, fon\u00e9ticos y audiovisuales invita a la audiencia a revisitar a una de las figuras art\u00edsticas pictogr\u00e1ficas mexicanas\u00a0 m\u00e1s relevantes del siglo XX. <\/p>\n\n\n\n<p>Dirigido\u00a0por Carla Guti\u00e9rrez, este largometraje narra la vida personal de la artista mexicana a trav\u00e9s de sus obras y llegar\u00e1 a salas mexicanas bajo el sello de Cin\u00e9polis para estrenarse el d\u00eda 9 de mayo, previo al D\u00eda de las Madres.<br>\u00a0<br>A trav\u00e9s de sus propias palabras, Frida Kahlo narra su vida mediante la voz de la actriz Fernanda Echevarr\u00eda del Rivero. Un testimonio reconstruido a partir de cartas y diarios personales que conten\u00edan, adem\u00e1s de sus pensamientos, poemas y\u00a0 ensayos. La directora se bas\u00f3 en entrevistas realizadas a la artista en vida.\u00a0<br>\u00a0<br>Es importante mencionar que este trabajo audiovisual de 87 minutos, toma un camino completamente diferente al resto de documentales sobre Kahlo al presentar un tono m\u00e1s \u00edntimo al retomar sus sentimientos, pensamientos y reacciones ante las situaciones que vivi\u00f3 que van m\u00e1s all\u00e1 del accidente. Adicionalmente, este documental presenta animaci\u00f3n l\u00edrica de las obras de Frida para destacar los sentimientos de su obra art\u00edstica y ser un apoyo visual de la narrativa.\u00a0<br>\u00a0<br>Frida Kahlo es mundialmente conocida por ser una mujer con grandes flores, cejas tupidas y vestidos de huipil; sin embargo, este documental presenta su lado inexplorado: el de una mujer com\u00fan, casada, con necesidades de amar, con una vida sexual activa, as\u00ed como una persona trabajadora, irreverente, sarc\u00e1stica, c\u00f3mica con una pasi\u00f3n por vivir intensa.\u00a0<br>\u00a0<br>Producido por Imagine Documentaries, TIME Studios y Storyville Films, con Amazon MGM Studios como distribuidora internacional,\u00a0<strong><em>Frida<\/em><\/strong>\u00a0se present\u00f3 inicialmente en el Festival de Sundance de Estados Unidos en Park City, donde gan\u00f3 el premio de Edici\u00f3n Jonathan Oppenheim y ahora llega a M\u00e9xico este jueves 9 de mayo a salas cinematogr\u00e1ficas bajo el sello de Cin\u00e9polis Distribuci\u00f3n. <\/p>\n\n\n\n<p>La pel\u00edcula sugiere viaje introspectivo para descubrir esta faceta de Frida Kahlo contada con sus propias palabras, un lado que no se hab\u00eda visto antes.<\/p>\n","protected":false},"excerpt":{"rendered":"<p>Una mirada \u00edntima a la vida de Frida Kahlo llegar\u00e1 a la pantalla grande gracias a \u201cFrida\u201d, un documental que a trav\u00e9s de materiales gr\u00e1ficos, fon\u00e9ticos y audiovisuales invita a &hellip; <a href=\"https:\/\/lavereda.com.mx\/index.php\/2024\/05\/09\/el-documental-frida-se-estrena-en-mexico\/\" class=\"more-link\">Leer m\u00e1s<\/a><\/p>\n","protected":false},"author":9,"featured_media":6006,"comment_status":"open","ping_status":"open","sticky":false,"template":"","format":"standard","meta":{"footnotes":""},"categories":[3,6],"tags":[40,125],"class_list":["post-6005","post","type-post","status-publish","format-standard","has-post-thumbnail","hentry","category-artes-visuales","category-cinetv","tag-cine","tag-frida-kahlo","entry"],"_links":{"self":[{"href":"https:\/\/lavereda.com.mx\/index.php\/wp-json\/wp\/v2\/posts\/6005","targetHints":{"allow":["GET"]}}],"collection":[{"href":"https:\/\/lavereda.com.mx\/index.php\/wp-json\/wp\/v2\/posts"}],"about":[{"href":"https:\/\/lavereda.com.mx\/index.php\/wp-json\/wp\/v2\/types\/post"}],"author":[{"embeddable":true,"href":"https:\/\/lavereda.com.mx\/index.php\/wp-json\/wp\/v2\/users\/9"}],"replies":[{"embeddable":true,"href":"https:\/\/lavereda.com.mx\/index.php\/wp-json\/wp\/v2\/comments?post=6005"}],"version-history":[{"count":1,"href":"https:\/\/lavereda.com.mx\/index.php\/wp-json\/wp\/v2\/posts\/6005\/revisions"}],"predecessor-version":[{"id":6007,"href":"https:\/\/lavereda.com.mx\/index.php\/wp-json\/wp\/v2\/posts\/6005\/revisions\/6007"}],"wp:featuredmedia":[{"embeddable":true,"href":"https:\/\/lavereda.com.mx\/index.php\/wp-json\/wp\/v2\/media\/6006"}],"wp:attachment":[{"href":"https:\/\/lavereda.com.mx\/index.php\/wp-json\/wp\/v2\/media?parent=6005"}],"wp:term":[{"taxonomy":"category","embeddable":true,"href":"https:\/\/lavereda.com.mx\/index.php\/wp-json\/wp\/v2\/categories?post=6005"},{"taxonomy":"post_tag","embeddable":true,"href":"https:\/\/lavereda.com.mx\/index.php\/wp-json\/wp\/v2\/tags?post=6005"}],"curies":[{"name":"wp","href":"https:\/\/api.w.org\/{rel}","templated":true}]}}