{"id":6002,"date":"2024-05-07T01:19:21","date_gmt":"2024-05-07T01:19:21","guid":{"rendered":"http:\/\/lavereda.com.mx\/?p=6002"},"modified":"2024-05-07T01:19:22","modified_gmt":"2024-05-07T01:19:22","slug":"detallan-programa-del-dia-internacional-de-los-museos","status":"publish","type":"post","link":"https:\/\/lavereda.com.mx\/index.php\/2024\/05\/07\/detallan-programa-del-dia-internacional-de-los-museos\/","title":{"rendered":"Detallan programa del D\u00eda Internacional de los Museos"},"content":{"rendered":"\n<p>Con la participaci\u00f3n de los 13 museos que actualmente conforman el Colectivo Museos de la Comarca Lagunera, del 11 al 19 de mayo se celebrar\u00e1 la semana del D\u00eda Internacional de los Museos con el lema: Museos por la Educaci\u00f3n y la Investigaci\u00f3n.<\/p>\n\n\n\n<p>La semana de los museos iniciar\u00e1 el s\u00e1bado 11 de mayo a las 17:30 en el Museo Hist\u00f3rico Casa del Cerro y finalizar\u00e1 en Plaza Cuatro Caminos el 19 de mayo, con una rifa y un concierto, se inform\u00f3 en rueda de prensa del comit\u00e9 organizador.<\/p>\n\n\n\n<p>Comentaron que el objetivo primordial del D\u00eda Internacional de los Museos, que se celebra el 18 de mayo este a\u00f1o, es \u00abampliar los p\u00fablicos de los museos, fortalecer nuestra identidad, transmitir valores e inculcar el amor por nuestra tierra\u00bb.<\/p>\n\n\n\n<p>Todas las personas podr\u00e1n adquirir un Pasaporte para visitar durante esa semana seis museos por lo menos y de esta forma participar en un sorteo de obsequios el domingo 19 de mayo.<\/p>\n\n\n\n<p>Como cada a\u00f1o se contar\u00e1 con una exposici\u00f3n colectiva, esta vez titulada \u201cTraves\u00eda por los Museos\u201d, que ser\u00e1 inaugurada el 12 de mayo a las 17:00 horas, en el atrio de Plaza Cuatro Caminos.<\/p>\n\n\n\n<p>La exposici\u00f3n ofrece un viaje por la regi\u00f3n, de la mano de personajes que conforman nuestra fauna como son el coyote, la lagartija, la tortuga y el chanate. La idea surge de las ilustraciones del cuento conmemorativo \u201cCuenta Coyote, Torre\u00f3n\u201d una historia Centenaria que fue publicado en el a\u00f1o 2007 y que son de la autor\u00eda de la artista &nbsp;Patricia Hern\u00e1ndez.<\/p>\n\n\n\n<p>El programa tambi\u00e9n incluye la Ruta de los Museos, en la que se contar\u00e1 con 9 recorridos distintos a museos de la regi\u00f3n, el domingo 12 de mayo a partir de las 9:30 horas partiendo desde distintas sedes como la Plaza de Armas de G\u00f3mez Palacio, la Plaza de Armas o la Plaza Mayor de Torre\u00f3n.<\/p>\n\n\n\n<p>Toda esa semana, la entrada a los museos ser\u00e1 gratuita.<\/p>\n","protected":false},"excerpt":{"rendered":"<p>Con la participaci\u00f3n de los 13 museos que actualmente conforman el Colectivo Museos de la Comarca Lagunera, del 11 al 19 de mayo se celebrar\u00e1 la semana del D\u00eda Internacional &hellip; <a href=\"https:\/\/lavereda.com.mx\/index.php\/2024\/05\/07\/detallan-programa-del-dia-internacional-de-los-museos\/\" class=\"more-link\">Leer m\u00e1s<\/a><\/p>\n","protected":false},"author":9,"featured_media":6003,"comment_status":"open","ping_status":"open","sticky":false,"template":"","format":"standard","meta":{"footnotes":""},"categories":[3,18],"tags":[61,33],"class_list":["post-6002","post","type-post","status-publish","format-standard","has-post-thumbnail","hentry","category-artes-visuales","category-lomasrelevante","tag-museos","tag-torreon-2","entry"],"_links":{"self":[{"href":"https:\/\/lavereda.com.mx\/index.php\/wp-json\/wp\/v2\/posts\/6002","targetHints":{"allow":["GET"]}}],"collection":[{"href":"https:\/\/lavereda.com.mx\/index.php\/wp-json\/wp\/v2\/posts"}],"about":[{"href":"https:\/\/lavereda.com.mx\/index.php\/wp-json\/wp\/v2\/types\/post"}],"author":[{"embeddable":true,"href":"https:\/\/lavereda.com.mx\/index.php\/wp-json\/wp\/v2\/users\/9"}],"replies":[{"embeddable":true,"href":"https:\/\/lavereda.com.mx\/index.php\/wp-json\/wp\/v2\/comments?post=6002"}],"version-history":[{"count":1,"href":"https:\/\/lavereda.com.mx\/index.php\/wp-json\/wp\/v2\/posts\/6002\/revisions"}],"predecessor-version":[{"id":6004,"href":"https:\/\/lavereda.com.mx\/index.php\/wp-json\/wp\/v2\/posts\/6002\/revisions\/6004"}],"wp:featuredmedia":[{"embeddable":true,"href":"https:\/\/lavereda.com.mx\/index.php\/wp-json\/wp\/v2\/media\/6003"}],"wp:attachment":[{"href":"https:\/\/lavereda.com.mx\/index.php\/wp-json\/wp\/v2\/media?parent=6002"}],"wp:term":[{"taxonomy":"category","embeddable":true,"href":"https:\/\/lavereda.com.mx\/index.php\/wp-json\/wp\/v2\/categories?post=6002"},{"taxonomy":"post_tag","embeddable":true,"href":"https:\/\/lavereda.com.mx\/index.php\/wp-json\/wp\/v2\/tags?post=6002"}],"curies":[{"name":"wp","href":"https:\/\/api.w.org\/{rel}","templated":true}]}}