{"id":5993,"date":"2024-05-03T00:27:06","date_gmt":"2024-05-03T00:27:06","guid":{"rendered":"http:\/\/lavereda.com.mx\/?p=5993"},"modified":"2024-05-03T00:27:07","modified_gmt":"2024-05-03T00:27:07","slug":"se-preparan-para-celebrar-el-dia-internacional-de-los-museos","status":"publish","type":"post","link":"https:\/\/lavereda.com.mx\/index.php\/2024\/05\/03\/se-preparan-para-celebrar-el-dia-internacional-de-los-museos\/","title":{"rendered":"Se preparan para celebrar el D\u00eda Internacional de los Museos"},"content":{"rendered":"\n<p>Torre\u00f3n se prepara para celebrar el D\u00eda Internacional de los Museos con una Semana internacional de los museos, del 11 al 19 de mayo, inform\u00f3 el Instituto Municipal de Cultura y Educaci\u00f3n.<\/p>\n\n\n\n<p>Este a\u00f1o el lema de la celebraci\u00f3n es \u201cMuseos por la educaci\u00f3n y la investigaci\u00f3n\u201d.<\/p>\n\n\n\n<p>Ser\u00e1 una semana con actividades culturales, recorridos guiados, exposiciones, talleres, m\u00fasica, presentaci\u00f3n de cortometrajes, conferencias, Noche de museos y m\u00e1s.<\/p>\n\n\n\n<p>La inauguraci\u00f3n de esta semana ser\u00e1 el 11 de mayo a las 17:30 horas en el Museo Hist\u00f3rico Casa del Cerro. Las actividades se realizar\u00e1n en el Museo del Algod\u00f3n, Casa Mud\u00e9jar, Museo del Ferrocarril, Canal de la Perla, Museo de la Moneda, as\u00ed como el Museo Arocena, el Museo Regional de La Laguna y otros recintos de la regi\u00f3n.<\/p>\n\n\n\n<p>Las actividades culminar\u00e1n con una exposici\u00f3n colectiva de los Museos de La Laguna, el 19 de mayor a las 17:00 horas en el atrio de Plaza Cuatro Caminos.<\/p>\n","protected":false},"excerpt":{"rendered":"<p>Torre\u00f3n se prepara para celebrar el D\u00eda Internacional de los Museos con una Semana internacional de los museos, del 11 al 19 de mayo, inform\u00f3 el Instituto Municipal de Cultura &hellip; <a href=\"https:\/\/lavereda.com.mx\/index.php\/2024\/05\/03\/se-preparan-para-celebrar-el-dia-internacional-de-los-museos\/\" class=\"more-link\">Leer m\u00e1s<\/a><\/p>\n","protected":false},"author":9,"featured_media":5994,"comment_status":"open","ping_status":"open","sticky":false,"template":"","format":"standard","meta":{"footnotes":""},"categories":[3,18],"tags":[],"class_list":["post-5993","post","type-post","status-publish","format-standard","has-post-thumbnail","hentry","category-artes-visuales","category-lomasrelevante","entry"],"_links":{"self":[{"href":"https:\/\/lavereda.com.mx\/index.php\/wp-json\/wp\/v2\/posts\/5993","targetHints":{"allow":["GET"]}}],"collection":[{"href":"https:\/\/lavereda.com.mx\/index.php\/wp-json\/wp\/v2\/posts"}],"about":[{"href":"https:\/\/lavereda.com.mx\/index.php\/wp-json\/wp\/v2\/types\/post"}],"author":[{"embeddable":true,"href":"https:\/\/lavereda.com.mx\/index.php\/wp-json\/wp\/v2\/users\/9"}],"replies":[{"embeddable":true,"href":"https:\/\/lavereda.com.mx\/index.php\/wp-json\/wp\/v2\/comments?post=5993"}],"version-history":[{"count":1,"href":"https:\/\/lavereda.com.mx\/index.php\/wp-json\/wp\/v2\/posts\/5993\/revisions"}],"predecessor-version":[{"id":5995,"href":"https:\/\/lavereda.com.mx\/index.php\/wp-json\/wp\/v2\/posts\/5993\/revisions\/5995"}],"wp:featuredmedia":[{"embeddable":true,"href":"https:\/\/lavereda.com.mx\/index.php\/wp-json\/wp\/v2\/media\/5994"}],"wp:attachment":[{"href":"https:\/\/lavereda.com.mx\/index.php\/wp-json\/wp\/v2\/media?parent=5993"}],"wp:term":[{"taxonomy":"category","embeddable":true,"href":"https:\/\/lavereda.com.mx\/index.php\/wp-json\/wp\/v2\/categories?post=5993"},{"taxonomy":"post_tag","embeddable":true,"href":"https:\/\/lavereda.com.mx\/index.php\/wp-json\/wp\/v2\/tags?post=5993"}],"curies":[{"name":"wp","href":"https:\/\/api.w.org\/{rel}","templated":true}]}}