{"id":599,"date":"2020-09-14T22:43:55","date_gmt":"2020-09-14T22:43:55","guid":{"rendered":"http:\/\/lavereda.com.mx\/?p=599"},"modified":"2020-09-14T22:43:57","modified_gmt":"2020-09-14T22:43:57","slug":"asi-celebrara-secretaria-de-cultura-la-independencia-de-mexico","status":"publish","type":"post","link":"https:\/\/lavereda.com.mx\/index.php\/2020\/09\/14\/asi-celebrara-secretaria-de-cultura-la-independencia-de-mexico\/","title":{"rendered":"As\u00ed celebrar\u00e1 Secretar\u00eda de Cultura la Independencia de M\u00e9xico"},"content":{"rendered":"\n<p>Ciudad de M\u00e9xico.- Para conmemorar los 210 a\u00f1os del inicio de la Independencia de M\u00e9xico, la Secretar\u00eda de Cultura y sus diversos organismos e instituciones ofrecen distintos contenidos y actividades art\u00edsticas por medio de la plataforma Contigo en la distancia y de sus redes sociales.<\/p>\n\n\n\n<p>Podr\u00e1s explorar la intervenci\u00f3n femenina en la Independencia a trav\u00e9s del programa radiof\u00f3nico\u00a0<em>La participaci\u00f3n de las mujeres en la lucha por la Independencia<\/em>,\u00a0del Instituto Nacional de Estudios Hist\u00f3ricos de las Revoluciones M\u00e9xico (INEHRM), el 15 de septiembre a las 18:30 horas por\u00a0\u00a0redes sociales (Facebook:\u00a0<a rel=\"noreferrer noopener\" href=\"https:\/\/www.facebook.com\/inehrm.fanpage\" target=\"_blank\">\/inehrm.fanpage<\/a>).<\/p>\n\n\n\n<p>Ese mismo d\u00eda, Radio Educaci\u00f3n se une a los festejos por las fiestas patrias con una variada programaci\u00f3n que incluye el especial\u00a0<em>El ideario de una naci\u00f3n<\/em>, a partir de las 18 horas, donde se hablar\u00e1 de las mujeres de la Independencia y sus contribuciones. A las 19:00 horas, el programa\u00a0<em>Las mujeres contamos\u00a0<\/em>estar\u00e1 dedicado a la Benem\u00e9rita madre de la Patria, Leona Vicario.<\/p>\n\n\n\n<p>Tambi\u00e9n podr\u00e1s disfrutar de m\u00fasica tradicional mexicana con el estreno virtual de&nbsp;<em>Sones de mariachi<\/em>, una obra del compositor Blas Galindo, interpretada por la Orquesta Sinf\u00f3nica Nacional (OSN) del Instituto Nacional de Bellas Artes y Literatura (INBAL). Estar\u00e1 disponible el 15 de septiembre a las 20 horas en la plataforma&nbsp;<a href=\"https:\/\/contigoenladistancia.cultura.gob.mx\/\" target=\"_blank\" rel=\"noreferrer noopener\">contigoenladistancia.cultura.gob.mx\/<\/a>, as\u00ed como en las redes sociales del INBAL (Facebook: \/INBAmx)&nbsp;y de la orquesta (Facebook:&nbsp;<a href=\"https:\/\/www.facebook.com\/OSNMX\" target=\"_blank\" rel=\"noreferrer noopener\"><u>OSNMX<\/u><\/a>).<\/p>\n\n\n\n<p>A su vez, la Fonoteca Nacional de M\u00e9xico invita a conocer la m\u00fasica que se escuchaba en el primer cuarto del siglo XIX, por medio del podcast&nbsp;<em>As\u00ed suena la Independencia de M\u00e9xico,&nbsp;<\/em>y a descubrir piezas musicales inspiradas en este periodo hist\u00f3rico en&nbsp;<em>Jard\u00edn Sonoro: Las que se o\u00edan en tiempos de Hidalgo<\/em>. Ambos programas podr\u00e1n escucharse en la plataforma Contigo en la distancia y la p\u00e1gina de la Fonoteca a partir del 15 de septiembre.<\/p>\n\n\n\n<p>La danza se hace presente a trav\u00e9s de la Coordinaci\u00f3n Nacional de Danza (CND) del INBAL que comparte un video collage en el que distintos bailarines de la Rep\u00fablica ejecutan la pieza<em>&nbsp;Son de La Negra,&nbsp;<\/em>la cual se podr\u00e1 apreciar el 15 de septiembre a las 18 horas&nbsp;en la plataforma Contigo en la distancia y por las redes sociales del INBAL (\/INBAmx) y la CND (<a href=\"https:\/\/www.facebook.com\/danzaINBAL\" target=\"_blank\" rel=\"noreferrer noopener\">&nbsp;\/danzaINBAL<\/a>).<\/p>\n\n\n\n<p>De igual manera, podr\u00e1s visualizar el 15 de septiembre a las 15 horas, la video funci\u00f3n de gala del Ballet\u00a0Folk\u00f3rico\u00a0de M\u00e9xico de Amalia Hern\u00e1ndez con la Orquesta Escuela Carlos Ch\u00e1vez, por medio del canal de YouTube del Sistema Nacional de Fomento Musical y la p\u00e1gina de Contigo en la distancia.<\/p>\n\n\n\n<p>Adem\u00e1s, la Secretar\u00eda de Cultura participa en&nbsp;las conmemoraciones por el 210 aniversario de la Independencia de M\u00e9xico con&nbsp;una verbena popular compuesta por un recorrido musical en el que participan Tierra Mestiza, Sonido Gallo Negro, Las Hermanas Garc\u00eda y Los Sinaloenses<em>&nbsp;<\/em>de cuidado, que&nbsp;iniciar\u00e1 a las 20:30 horas del 15 de septiembre y ser\u00e1 transmitida por el Sistema P\u00fablico de Radiodifusi\u00f3n del Estado Mexicano, a trav\u00e9s de Canal 22, Canal 11 y Canal 14 y redes sociales, adem\u00e1s de la plataforma Contigo en la distancia (<a href=\"https:\/\/contigoenladistancia.cultura.gob.mx\/\" target=\"_blank\" rel=\"noreferrer noopener\">contigoenladistancia.cultura.gob.mx<\/a>).<\/p>\n\n\n\n<p>Asimismo, en esa misma plataforma, el 17 de septiembre, a las 17 horas, podr\u00e1s consultar el foro virtual&nbsp;<em>Participaci\u00f3n popular en la guerra de Independencia<\/em>&nbsp;y en el Facebook de la instituci\u00f3n (<a href=\"https:\/\/www.facebook.com\/inehrm.fanpage\" target=\"_blank\" rel=\"noreferrer noopener\">\/inehrm.fanpage<\/a>).<\/p>\n\n\n\n<p><\/p>\n","protected":false},"excerpt":{"rendered":"<p>Ciudad de M\u00e9xico.- Para conmemorar los 210 a\u00f1os del inicio de la Independencia de M\u00e9xico, la Secretar\u00eda de Cultura y sus diversos organismos e instituciones ofrecen distintos contenidos y actividades &hellip; <a href=\"https:\/\/lavereda.com.mx\/index.php\/2020\/09\/14\/asi-celebrara-secretaria-de-cultura-la-independencia-de-mexico\/\" class=\"more-link\">Leer m\u00e1s<\/a><\/p>\n","protected":false},"author":1,"featured_media":600,"comment_status":"open","ping_status":"open","sticky":false,"template":"","format":"standard","meta":{"footnotes":""},"categories":[2,18],"tags":[],"class_list":["post-599","post","type-post","status-publish","format-standard","has-post-thumbnail","hentry","category-artes-escenicas","category-lomasrelevante","entry"],"_links":{"self":[{"href":"https:\/\/lavereda.com.mx\/index.php\/wp-json\/wp\/v2\/posts\/599","targetHints":{"allow":["GET"]}}],"collection":[{"href":"https:\/\/lavereda.com.mx\/index.php\/wp-json\/wp\/v2\/posts"}],"about":[{"href":"https:\/\/lavereda.com.mx\/index.php\/wp-json\/wp\/v2\/types\/post"}],"author":[{"embeddable":true,"href":"https:\/\/lavereda.com.mx\/index.php\/wp-json\/wp\/v2\/users\/1"}],"replies":[{"embeddable":true,"href":"https:\/\/lavereda.com.mx\/index.php\/wp-json\/wp\/v2\/comments?post=599"}],"version-history":[{"count":1,"href":"https:\/\/lavereda.com.mx\/index.php\/wp-json\/wp\/v2\/posts\/599\/revisions"}],"predecessor-version":[{"id":601,"href":"https:\/\/lavereda.com.mx\/index.php\/wp-json\/wp\/v2\/posts\/599\/revisions\/601"}],"wp:featuredmedia":[{"embeddable":true,"href":"https:\/\/lavereda.com.mx\/index.php\/wp-json\/wp\/v2\/media\/600"}],"wp:attachment":[{"href":"https:\/\/lavereda.com.mx\/index.php\/wp-json\/wp\/v2\/media?parent=599"}],"wp:term":[{"taxonomy":"category","embeddable":true,"href":"https:\/\/lavereda.com.mx\/index.php\/wp-json\/wp\/v2\/categories?post=599"},{"taxonomy":"post_tag","embeddable":true,"href":"https:\/\/lavereda.com.mx\/index.php\/wp-json\/wp\/v2\/tags?post=599"}],"curies":[{"name":"wp","href":"https:\/\/api.w.org\/{rel}","templated":true}]}}