{"id":5987,"date":"2024-05-01T18:24:10","date_gmt":"2024-05-01T18:24:10","guid":{"rendered":"http:\/\/lavereda.com.mx\/?p=5987"},"modified":"2024-05-01T18:24:11","modified_gmt":"2024-05-01T18:24:11","slug":"presentan-la-exposicion-genesis-en-la-galeria-del-can","status":"publish","type":"post","link":"https:\/\/lavereda.com.mx\/index.php\/2024\/05\/01\/presentan-la-exposicion-genesis-en-la-galeria-del-can\/","title":{"rendered":"Presentan la exposici\u00f3n G\u00e9nesis en la galer\u00eda del CAN"},"content":{"rendered":"\n<p>El nuevo proyecto \u00abRecinto Estudio Galer\u00eda\u00bb invita al p\u00fablico a la exposici\u00f3n \u00abG\u00e9nesis\u00bb de RHIUX.A, Liliana Fischer e Isabella de Vries Fischer, en la Galer\u00eda del Centro de Artes del Norte (CAN) en Casa La Morelos. La inauguraci\u00f3n es este jueves 2 de Mayo a las 19:30 horas y la obra estar\u00e1 en exhibici\u00f3n hasta junio.\u00a0<\/p>\n\n\n\n<p>La artista Liliana Fischer comenta que el significado de G\u00e9nesis es el principio de todo, el origen, la creaci\u00f3n y el nacimiento, mismo que conecta el linaje de las artistas y de sus obras. Esta es la primera vez que las artistas exponen su obra juntas.<\/p>\n\n\n\n<p>Por su parte, RHIUX.A ha transitado en su amplia experiencia por muchas corrientes art\u00edsticas. Actualmente est\u00e1 m\u00e1s conectada con la corriente abstracta, tanto en su vertiente estructural como en la&nbsp;&nbsp;organicista.&nbsp;&nbsp;En su obra anterior hay dejos de surrealismo; hasta el expresionismo y algunas referencias neo-figurativas que aparecen en el cuadro como una necesidad de hacer al hombre presente en una po\u00e9tica de la forma y el color.<\/p>\n\n\n\n<p>Asimismo, De Vries Fischer expresa cuestiones existenciales propias y del ser humano, de la naturaleza y del mundo, buscando conectar con el observador para resolver los enigmas. La obra de Isabella es profunda y se remite a obra conceptual y psicol\u00f3gica.<\/p>\n\n\n\n<p>Liliana refleja lo simb\u00f3lico y transpersonal desde Jung, revelando el \u201cs\u00ed mismo\u201d. Lo simb\u00f3lico se aloja en la psique a trav\u00e9s de manifestaciones del inconsciente (arquetipos).\u00a0\u00a0El \u201carquetipo en s\u00ed\u201d al entrar en contacto con la consciencia, adopta generalmente aspecto de imagen, y configura las \u201crepresentaciones arquet\u00edpicas\u201d. Estas expresan contenidos del inconsciente colectivo y formas transpersonales que reflejan la problem\u00e1tica de car\u00e1cter universal o com\u00fan a todos los seres humanos.<\/p>\n\n\n\n<figure class=\"wp-block-image size-full is-resized\"><img fetchpriority=\"high\" decoding=\"async\" width=\"589\" height=\"1000\" src=\"https:\/\/lavereda.com.mx\/wp-content\/uploads\/2024\/05\/WhatsApp-Image-2024-05-01-at-12.21.18-PM.jpeg\" alt=\"\" class=\"wp-image-5991\" style=\"width:370px;height:auto\" srcset=\"https:\/\/lavereda.com.mx\/wp-content\/uploads\/2024\/05\/WhatsApp-Image-2024-05-01-at-12.21.18-PM.jpeg 589w, https:\/\/lavereda.com.mx\/wp-content\/uploads\/2024\/05\/WhatsApp-Image-2024-05-01-at-12.21.18-PM-177x300.jpeg 177w\" sizes=\"(max-width: 589px) 100vw, 589px\" \/><\/figure>\n\n\n\n<p><\/p>\n\n\n\n<p>En algunas de las obras de las artistas se revelan figuras tot\u00e9micas. El t\u00f3tem es un s\u00edmbolo que representa espiritualmente a un grupo de personas (como por ejemplo los llamados clanes), y que adem\u00e1s simboliza el v\u00ednculo de sangre que une a todos los integrantes de una determinada comunidad (tribu).<\/p>\n\n\n\n<p>\u00abG\u00e9nesis\u00bb es un homenaje a los antepasados y a la familia. La obra de las artistas se conecta por un anclaje a las mujeres fuertes que las inspira, a la fe y a la esperanza con la intenci\u00f3n de que su arte conecte y trascienda.<\/p>\n","protected":false},"excerpt":{"rendered":"<p>El nuevo proyecto \u00abRecinto Estudio Galer\u00eda\u00bb invita al p\u00fablico a la exposici\u00f3n \u00abG\u00e9nesis\u00bb de RHIUX.A, Liliana Fischer e Isabella de Vries Fischer, en la Galer\u00eda del Centro de Artes del &hellip; <a href=\"https:\/\/lavereda.com.mx\/index.php\/2024\/05\/01\/presentan-la-exposicion-genesis-en-la-galeria-del-can\/\" class=\"more-link\">Leer m\u00e1s<\/a><\/p>\n","protected":false},"author":9,"featured_media":5990,"comment_status":"open","ping_status":"open","sticky":false,"template":"","format":"standard","meta":{"footnotes":""},"categories":[3,18],"tags":[],"class_list":["post-5987","post","type-post","status-publish","format-standard","has-post-thumbnail","hentry","category-artes-visuales","category-lomasrelevante","entry"],"_links":{"self":[{"href":"https:\/\/lavereda.com.mx\/index.php\/wp-json\/wp\/v2\/posts\/5987","targetHints":{"allow":["GET"]}}],"collection":[{"href":"https:\/\/lavereda.com.mx\/index.php\/wp-json\/wp\/v2\/posts"}],"about":[{"href":"https:\/\/lavereda.com.mx\/index.php\/wp-json\/wp\/v2\/types\/post"}],"author":[{"embeddable":true,"href":"https:\/\/lavereda.com.mx\/index.php\/wp-json\/wp\/v2\/users\/9"}],"replies":[{"embeddable":true,"href":"https:\/\/lavereda.com.mx\/index.php\/wp-json\/wp\/v2\/comments?post=5987"}],"version-history":[{"count":2,"href":"https:\/\/lavereda.com.mx\/index.php\/wp-json\/wp\/v2\/posts\/5987\/revisions"}],"predecessor-version":[{"id":5992,"href":"https:\/\/lavereda.com.mx\/index.php\/wp-json\/wp\/v2\/posts\/5987\/revisions\/5992"}],"wp:featuredmedia":[{"embeddable":true,"href":"https:\/\/lavereda.com.mx\/index.php\/wp-json\/wp\/v2\/media\/5990"}],"wp:attachment":[{"href":"https:\/\/lavereda.com.mx\/index.php\/wp-json\/wp\/v2\/media?parent=5987"}],"wp:term":[{"taxonomy":"category","embeddable":true,"href":"https:\/\/lavereda.com.mx\/index.php\/wp-json\/wp\/v2\/categories?post=5987"},{"taxonomy":"post_tag","embeddable":true,"href":"https:\/\/lavereda.com.mx\/index.php\/wp-json\/wp\/v2\/tags?post=5987"}],"curies":[{"name":"wp","href":"https:\/\/api.w.org\/{rel}","templated":true}]}}