{"id":5984,"date":"2024-04-30T23:25:03","date_gmt":"2024-04-30T23:25:03","guid":{"rendered":"http:\/\/lavereda.com.mx\/?p=5984"},"modified":"2024-04-30T23:25:04","modified_gmt":"2024-04-30T23:25:04","slug":"el-vacio-de-la-cultura-infantil","status":"publish","type":"post","link":"https:\/\/lavereda.com.mx\/index.php\/2024\/04\/30\/el-vacio-de-la-cultura-infantil\/","title":{"rendered":"El vac\u00edo de la cultura infantil"},"content":{"rendered":"\n<p>Tanto el Observatorio de La Laguna como el INEGI, han dado a conocer datos reveladores sobre la falta de atenci\u00f3n que como sociedad hemos dado a la infancia en M\u00e9xico: la mayor parte de las ni\u00f1as y ni\u00f1os han sido cuidados principalmente por su madre, abuela o padre, sin embargo 11 de cada 100 ni\u00f1os se han quedado solos varias horas al d\u00eda, de acuerdo con el INEGI.<\/p>\n\n\n\n<p>En Coahuila 6.4 % de la poblaci\u00f3n infantil trabaja y uno de cada tres ni\u00f1os que trabaja no asiste a la escuela, revel\u00f3 el Observatorio de La Laguna. A esto se debe a\u00f1adir que \u00faltimamente la omisi\u00f3n de cuidados ha dado como resultado m\u00e1s ni\u00f1as y ni\u00f1os en situaciones de peligro.<\/p>\n\n\n\n<p>\u00bfQu\u00e9 papel juegan la cultura y el arte en el desarrollo de una infancia sana? El acercamiento al mundo de la imaginaci\u00f3n que promueve el arte en las ni\u00f1as y ni\u00f1os, el disfrute de la creatividad y sus posibilidades, logran una marca en su memoria y sentimientos, que dif\u00edcilmente se olvidar\u00e1.<\/p>\n\n\n\n<p>Sin embargo, aunque hay excepciones, es muy bajo el porcentaje de la agenda de las instituciones culturales dedicada a la ni\u00f1ez. Se podr\u00eda decir que existe un hueco en la promoci\u00f3n cultural con enfoque infantil.<\/p>\n\n\n\n<p>Es muy dif\u00edcil competir con la influencia de los video juegos y del uso de los dispositivos electr\u00f3nicos en esta edad, pero ha habido propuestas muy aut\u00e9nticas de trabajo en favor de la ni\u00f1ez: Casita Iguamira, un proyecto l\u00fadico impulsado por el cuenta cuentos Ra\u00fal Esparza, que actualmente se encuentra en una pausa, pero que esperemos pronto se reanude.<\/p>\n\n\n\n<p>En las artes esc\u00e9nicas sobresalen la compa\u00f1\u00eda Esc\u00e9nica Fantoche y las divertidas historias para ni\u00f1os de El\u00edas Garc\u00eda, los espect\u00e1culos infantiles del Mimo Er\u00f3n Vargas y el m\u00fasico Ra\u00fal J\u00e1quez, la Est\u00e9tica Foro Esc\u00e9nico que ha promovido el teatro para ni\u00f1as y ni\u00f1os.<\/p>\n\n\n\n<p>Tambi\u00e9n la escritora Ena Gal\u00edndez autora de m\u00e1gicos libros para ni\u00f1os, los conciertos did\u00e1cticos de la Camerata de Coahuila, el programa educativo del Museo Arocena. Adem\u00e1s, se organiz\u00f3 un Concurso de lecto escritura en las Bibliotecas P\u00fablicas Municipales para ni\u00f1as y ni\u00f1os de primaria en este mes de abril, con amplia participaci\u00f3n.<\/p>\n\n\n\n<p>Hay otros ejemplos como los anteriores con propuestas para la ni\u00f1ez, pero en general, en la mayor parte del a\u00f1o es sumamente escaso el calendario de actividades infantiles, sobre todo que desarrollen la creatividad y el uso de la imaginaci\u00f3n.<\/p>\n\n\n\n<p>Necesitamos m\u00e1s arte y cultura, que ayude a las ni\u00f1as y ni\u00f1os a vivir una vida libre y a impulsar sus sue\u00f1os.<\/p>\n\n\n\n<p><em>Twitter: @Lavargasadri<\/em><\/p>\n","protected":false},"excerpt":{"rendered":"<p>Tanto el Observatorio de La Laguna como el INEGI, han dado a conocer datos reveladores sobre la falta de atenci\u00f3n que como sociedad hemos dado a la infancia en M\u00e9xico: &hellip; <a href=\"https:\/\/lavereda.com.mx\/index.php\/2024\/04\/30\/el-vacio-de-la-cultura-infantil\/\" class=\"more-link\">Leer m\u00e1s<\/a><\/p>\n","protected":false},"author":9,"featured_media":5985,"comment_status":"open","ping_status":"open","sticky":false,"template":"","format":"standard","meta":{"footnotes":""},"categories":[10,18,9],"tags":[124],"class_list":["post-5984","post","type-post","status-publish","format-standard","has-post-thumbnail","hentry","category-la-vereda-infantil","category-lomasrelevante","category-opinion","tag-cultura-infantil","entry"],"_links":{"self":[{"href":"https:\/\/lavereda.com.mx\/index.php\/wp-json\/wp\/v2\/posts\/5984","targetHints":{"allow":["GET"]}}],"collection":[{"href":"https:\/\/lavereda.com.mx\/index.php\/wp-json\/wp\/v2\/posts"}],"about":[{"href":"https:\/\/lavereda.com.mx\/index.php\/wp-json\/wp\/v2\/types\/post"}],"author":[{"embeddable":true,"href":"https:\/\/lavereda.com.mx\/index.php\/wp-json\/wp\/v2\/users\/9"}],"replies":[{"embeddable":true,"href":"https:\/\/lavereda.com.mx\/index.php\/wp-json\/wp\/v2\/comments?post=5984"}],"version-history":[{"count":1,"href":"https:\/\/lavereda.com.mx\/index.php\/wp-json\/wp\/v2\/posts\/5984\/revisions"}],"predecessor-version":[{"id":5986,"href":"https:\/\/lavereda.com.mx\/index.php\/wp-json\/wp\/v2\/posts\/5984\/revisions\/5986"}],"wp:featuredmedia":[{"embeddable":true,"href":"https:\/\/lavereda.com.mx\/index.php\/wp-json\/wp\/v2\/media\/5985"}],"wp:attachment":[{"href":"https:\/\/lavereda.com.mx\/index.php\/wp-json\/wp\/v2\/media?parent=5984"}],"wp:term":[{"taxonomy":"category","embeddable":true,"href":"https:\/\/lavereda.com.mx\/index.php\/wp-json\/wp\/v2\/categories?post=5984"},{"taxonomy":"post_tag","embeddable":true,"href":"https:\/\/lavereda.com.mx\/index.php\/wp-json\/wp\/v2\/tags?post=5984"}],"curies":[{"name":"wp","href":"https:\/\/api.w.org\/{rel}","templated":true}]}}