{"id":5972,"date":"2024-04-25T02:05:34","date_gmt":"2024-04-25T02:05:34","guid":{"rendered":"http:\/\/lavereda.com.mx\/?p=5972"},"modified":"2024-04-26T22:47:58","modified_gmt":"2024-04-26T22:47:58","slug":"letras-con-descuento-en-el-museo-arocena","status":"publish","type":"post","link":"https:\/\/lavereda.com.mx\/index.php\/2024\/04\/25\/letras-con-descuento-en-el-museo-arocena\/","title":{"rendered":"Letras con descuento en el Museo Arocena"},"content":{"rendered":"\n<p>En muy pocas ocasiones se puede acceder a la compra de libros con descuento o a precio de remate.<\/p>\n\n\n\n<p>En el marco del d\u00eda mundial del libro que se celebr\u00f3 el martes 23 de abril, el Museo Aracena organiza la feria editorial \u201cLetras con Descuento\u201d el s\u00e1bado 27 de abril de las 12:00 a las 18:00 horas, en el lobby del Casino de La Laguna.<\/p>\n\n\n\n<p>Algunas de las principales editoriales de la regi\u00f3n lagunera y la librer\u00eda Educal ubicada en este museo, se unen para ofrecer publicaciones de arte, literatura e historia a los precios m\u00e1s accesibles.<\/p>\n\n\n\n<p>Participa la Librer\u00eda Astillero, La tinta Cafebrer\u00eda, la Ibero Torre\u00f3n, el Archivo Municipal, el Instituto Municipal de Cultura y Educaci\u00f3n, entre otras instituciones.<\/p>\n\n\n\n<p>Adem\u00e1s, en la compra de libros el p\u00fablico podr\u00e1 llevarse otros libros de obsequio. <\/p>\n\n\n\n<p>La entrada es gratuita.<\/p>\n","protected":false},"excerpt":{"rendered":"<p>En muy pocas ocasiones se puede acceder a la compra de libros con descuento o a precio de remate. En el marco del d\u00eda mundial del libro que se celebr\u00f3 &hellip; <a href=\"https:\/\/lavereda.com.mx\/index.php\/2024\/04\/25\/letras-con-descuento-en-el-museo-arocena\/\" class=\"more-link\">Leer m\u00e1s<\/a><\/p>\n","protected":false},"author":9,"featured_media":5973,"comment_status":"open","ping_status":"open","sticky":false,"template":"","format":"standard","meta":{"footnotes":""},"categories":[5,18],"tags":[32],"class_list":["post-5972","post","type-post","status-publish","format-standard","has-post-thumbnail","hentry","category-letras-y-libros","category-lomasrelevante","tag-literatura","entry"],"_links":{"self":[{"href":"https:\/\/lavereda.com.mx\/index.php\/wp-json\/wp\/v2\/posts\/5972","targetHints":{"allow":["GET"]}}],"collection":[{"href":"https:\/\/lavereda.com.mx\/index.php\/wp-json\/wp\/v2\/posts"}],"about":[{"href":"https:\/\/lavereda.com.mx\/index.php\/wp-json\/wp\/v2\/types\/post"}],"author":[{"embeddable":true,"href":"https:\/\/lavereda.com.mx\/index.php\/wp-json\/wp\/v2\/users\/9"}],"replies":[{"embeddable":true,"href":"https:\/\/lavereda.com.mx\/index.php\/wp-json\/wp\/v2\/comments?post=5972"}],"version-history":[{"count":2,"href":"https:\/\/lavereda.com.mx\/index.php\/wp-json\/wp\/v2\/posts\/5972\/revisions"}],"predecessor-version":[{"id":5975,"href":"https:\/\/lavereda.com.mx\/index.php\/wp-json\/wp\/v2\/posts\/5972\/revisions\/5975"}],"wp:featuredmedia":[{"embeddable":true,"href":"https:\/\/lavereda.com.mx\/index.php\/wp-json\/wp\/v2\/media\/5973"}],"wp:attachment":[{"href":"https:\/\/lavereda.com.mx\/index.php\/wp-json\/wp\/v2\/media?parent=5972"}],"wp:term":[{"taxonomy":"category","embeddable":true,"href":"https:\/\/lavereda.com.mx\/index.php\/wp-json\/wp\/v2\/categories?post=5972"},{"taxonomy":"post_tag","embeddable":true,"href":"https:\/\/lavereda.com.mx\/index.php\/wp-json\/wp\/v2\/tags?post=5972"}],"curies":[{"name":"wp","href":"https:\/\/api.w.org\/{rel}","templated":true}]}}