{"id":5962,"date":"2024-04-17T01:26:51","date_gmt":"2024-04-17T01:26:51","guid":{"rendered":"http:\/\/lavereda.com.mx\/?p=5962"},"modified":"2024-04-17T01:26:52","modified_gmt":"2024-04-17T01:26:52","slug":"desierto-teatro-estrena-la-obra-juarez-jerusalem","status":"publish","type":"post","link":"https:\/\/lavereda.com.mx\/index.php\/2024\/04\/17\/desierto-teatro-estrena-la-obra-juarez-jerusalem\/","title":{"rendered":"Desierto Teatro estrena la obra \u00abJu\u00e1rez &#8211; Jerusal\u00e9m\u00bb"},"content":{"rendered":"\n<p>Desierto Teatro regresa al escenario de La Est\u00e9tica Foro Esc\u00e9nico, para presentar a partir del jueves 18 de abril la puesta en escena \u201cJu\u00e1rez &#8211; Jerusal\u00e9m\u201d del dramaturgo mexicano Antonio Z\u00fa\u00f1iga. El estreno ser\u00e1 a las 20:00 horas, en el foro ubicado en avenida Presidente Carranza.<\/p>\n\n\n\n<p>La agrupaci\u00f3n lagunera est\u00e1 pr\u00f3xima a cumplir 12 a\u00f1os de trayectoria ininterrumpida que celebrar\u00e1 con este estreno y una temporada de funciones el 19, 25 y 26 de abril en el mismo escenario.<\/p>\n\n\n\n<p>\u201cJu\u00e1rez &#8211; Jerusal\u00e9m\u201d es una obra de teatro para adolescentes de 13 a\u00f1os en adelante y adultos, que narra la historia de Mar\u00eda y Jorge, quienes viven en Ciudad Ju\u00e1rez, y a su vez, nos cuentan la historia de Mahmoud, un adolescente palestino que vive en la franja de Gaza. Lugares alejados uno del otro y, sin embargo, muy cercanos en la fatalidad de sus destinos.<\/p>\n\n\n\n<p>\u00abLos personajes son la sangre joven que, con la fuerza y el poder de la imaginaci\u00f3n, enfrentan y trascienden la realidad de este devastado mundo en perpetua descomposici\u00f3n que les hemos heredado los adultos\u00bb, explica el autor de la obra.<\/p>\n\n\n\n<p>\u201cJu\u00e1rez\u2013Jerusal\u00e9m\u201d, es una reflexi\u00f3n sobre la violencia sistem\u00e1tica que padecen muchos adolescentes alrededor del mundo, es un llamado para actuar y modificar lo que no nos gusta, y poner todo nuestro esfuerzo en ello.<\/p>\n\n\n\n<p>En su trayectoria, Desierto Teatro ha sido distinguido con varios premios y reconocimientos, a la par de participar en m\u00faltiples festivales, encuentros y muestras de teatro tanto en M\u00e9xico, como en el extranjero, presentando obras de gran calidad y con una buena aceptaci\u00f3n por parte del p\u00fablico que ha apreciado su trabajo en los escenarios. El elenco de \u201cJu\u00e1rez \u2013 Jerusal\u00e9m\u201d est\u00e1 conformado por Roc\u00edo Mej\u00eda y Tato Trejo, bajo la direcci\u00f3n de Hugo Dena, la producci\u00f3n est\u00e1 a cargo de Tania Lafont y la iluminaci\u00f3n es de C\u00e9sar Venegas, todos ellos, laguneros con una destacada trayectoria como creadores esc\u00e9nicos.<\/p>\n\n\n\n<p><\/p>\n","protected":false},"excerpt":{"rendered":"<p>Desierto Teatro regresa al escenario de La Est\u00e9tica Foro Esc\u00e9nico, para presentar a partir del jueves 18 de abril la puesta en escena \u201cJu\u00e1rez &#8211; Jerusal\u00e9m\u201d del dramaturgo mexicano Antonio &hellip; <a href=\"https:\/\/lavereda.com.mx\/index.php\/2024\/04\/17\/desierto-teatro-estrena-la-obra-juarez-jerusalem\/\" class=\"more-link\">Leer m\u00e1s<\/a><\/p>\n","protected":false},"author":9,"featured_media":5964,"comment_status":"open","ping_status":"open","sticky":false,"template":"","format":"standard","meta":{"footnotes":""},"categories":[2,18],"tags":[36,30],"class_list":["post-5962","post","type-post","status-publish","format-standard","has-post-thumbnail","hentry","category-artes-escenicas","category-lomasrelevante","tag-teatro","tag-torreon","entry"],"_links":{"self":[{"href":"https:\/\/lavereda.com.mx\/index.php\/wp-json\/wp\/v2\/posts\/5962","targetHints":{"allow":["GET"]}}],"collection":[{"href":"https:\/\/lavereda.com.mx\/index.php\/wp-json\/wp\/v2\/posts"}],"about":[{"href":"https:\/\/lavereda.com.mx\/index.php\/wp-json\/wp\/v2\/types\/post"}],"author":[{"embeddable":true,"href":"https:\/\/lavereda.com.mx\/index.php\/wp-json\/wp\/v2\/users\/9"}],"replies":[{"embeddable":true,"href":"https:\/\/lavereda.com.mx\/index.php\/wp-json\/wp\/v2\/comments?post=5962"}],"version-history":[{"count":2,"href":"https:\/\/lavereda.com.mx\/index.php\/wp-json\/wp\/v2\/posts\/5962\/revisions"}],"predecessor-version":[{"id":5965,"href":"https:\/\/lavereda.com.mx\/index.php\/wp-json\/wp\/v2\/posts\/5962\/revisions\/5965"}],"wp:featuredmedia":[{"embeddable":true,"href":"https:\/\/lavereda.com.mx\/index.php\/wp-json\/wp\/v2\/media\/5964"}],"wp:attachment":[{"href":"https:\/\/lavereda.com.mx\/index.php\/wp-json\/wp\/v2\/media?parent=5962"}],"wp:term":[{"taxonomy":"category","embeddable":true,"href":"https:\/\/lavereda.com.mx\/index.php\/wp-json\/wp\/v2\/categories?post=5962"},{"taxonomy":"post_tag","embeddable":true,"href":"https:\/\/lavereda.com.mx\/index.php\/wp-json\/wp\/v2\/tags?post=5962"}],"curies":[{"name":"wp","href":"https:\/\/api.w.org\/{rel}","templated":true}]}}