{"id":5956,"date":"2024-04-13T21:13:42","date_gmt":"2024-04-13T21:13:42","guid":{"rendered":"http:\/\/lavereda.com.mx\/?p=5956"},"modified":"2024-04-13T21:13:43","modified_gmt":"2024-04-13T21:13:43","slug":"chiosco-la-morelos-el-reto-de-atraer-el-publico-al-centro-historico","status":"publish","type":"post","link":"https:\/\/lavereda.com.mx\/index.php\/2024\/04\/13\/chiosco-la-morelos-el-reto-de-atraer-el-publico-al-centro-historico\/","title":{"rendered":"Chiosco La Morelos: el reto de atraer el p\u00fablico al centro hist\u00f3rico"},"content":{"rendered":"\n<ul class=\"wp-block-list\">\n<li><em>El restaurante celebra su primer aniversario con una cartelera para todo p\u00fablico.<\/em><\/li>\n<\/ul>\n\n\n\n<p>Un espacio gastron\u00f3mico y cultural, que junto con un complejo de arte ha venido a darle nueva vida al centro hist\u00f3rico de Torre\u00f3n, llega a su primer aniversario. El restaurante Chiosco La Morelos presenta una cartelera de actividades este s\u00e1bado 13 de abril para celebrar un a\u00f1o de retos.<\/p>\n\n\n\n<p>El programa comienza a las 5:30 con m\u00fasica para ni\u00f1os y ni\u00f1as a cargo de Ra\u00fal J\u00e1quez, despu\u00e9s habr\u00e1 jazz, blues, DJ set, salsa y cumbia, en el escenario ubicado en Casa la Morelos.<\/p>\n\n\n\n<p>Aldo Vald\u00e9s, creador de este negocio, comparti\u00f3 que a un a\u00f1o de su apertura este lugar ha recibido buena aceptaci\u00f3n, pero el reto es grande a\u00fan porque la gente no va por si misma al centro hist\u00f3rico.<\/p>\n\n\n\n<p>Dijo que la misi\u00f3n ha sido \u201cpromover el arte y la cultura en el centro hist\u00f3rico, mediante un foro cultural abierto, libre, con un componente gastron\u00f3mico que es nuestra barra y nuestra cocina, en la que tratamos de ofrecer platillos hechos con ingredientes locales, tanto alimentos como bebidas\u201d.<\/p>\n\n\n\n<figure class=\"wp-block-image size-large is-resized\"><img fetchpriority=\"high\" decoding=\"async\" width=\"768\" height=\"1024\" src=\"https:\/\/lavereda.com.mx\/wp-content\/uploads\/2024\/04\/2e3c959d-f9d3-4bfe-8664-0b65d7e4e543-768x1024.jpg\" alt=\"\" class=\"wp-image-5960\" style=\"width:496px;height:auto\" srcset=\"https:\/\/lavereda.com.mx\/wp-content\/uploads\/2024\/04\/2e3c959d-f9d3-4bfe-8664-0b65d7e4e543-768x1024.jpg 768w, https:\/\/lavereda.com.mx\/wp-content\/uploads\/2024\/04\/2e3c959d-f9d3-4bfe-8664-0b65d7e4e543-225x300.jpg 225w, https:\/\/lavereda.com.mx\/wp-content\/uploads\/2024\/04\/2e3c959d-f9d3-4bfe-8664-0b65d7e4e543.jpg 1000w\" sizes=\"(max-width: 768px) 100vw, 768px\" \/><\/figure>\n\n\n\n<p><\/p>\n\n\n\n<p>\u201cEstamos en un recinto que se relaciona directamente con nuestro concepto, hay una escuela de arte, una galer\u00eda, estudios fotogr\u00e1ficos y un caf\u00e9.\u201d, agreg\u00f3.<\/p>\n\n\n\n<p>Para Aldo y su equipo, el reto ha sido muy grande, por la ubicaci\u00f3n:<\/p>\n\n\n\n<p>\u201cEstamos en una posici\u00f3n geogr\u00e1fica a la que no acude la gente por si misma, tenemos que organizar eventos art\u00edsticos y culturales para que eso vaya ayudando a generar p\u00fablico en ese sector de la ciudad\u201d.&nbsp;<\/p>\n\n\n\n<p>A\u00f1adi\u00f3 que la gesti\u00f3n cultural es parte de la vocaci\u00f3n, pero el reto financiero es muy grande.<\/p>\n\n\n\n<blockquote class=\"wp-block-quote is-layout-flow wp-block-quote-is-layout-flow\">\n<p>\u201cSomos conscientes de que hay que ser pacientes en este sector de la ciudad, estamos picando piedra. Hay muchos inmuebles hist\u00f3ricos con un valor est\u00e9tico muy importante, es donde naci\u00f3 la ciudad. Somos vecinos del Museo Arocena, del Teatro Nazas, hay un cuadrante con cierta vocaci\u00f3n art\u00edstica, una especie de distrito art\u00edstico que ser\u00e1 un proceso a largo plazo\u201d.<\/p>\n<\/blockquote>\n\n\n\n<p>El p\u00fablico de Chiosco y de Casa la Morelos se ha entusiasmado con este lugar, es un recinto hist\u00f3rico recuperado hace poco tiempo que mantiene la esperanza de que otros edificios puedan ser rescatados.<\/p>\n\n\n\n<p>Aldo Vald\u00e9s record\u00f3 que en este primer a\u00f1o el restaurante ha ofrecido eventos culturales para todo p\u00fablico: desde m\u00fasica infantil, jazz, blues, tango, rock, Dj set, salsa, hip hop, as\u00ed como paticiaci\u00f3n en artes esc\u00e9nicas, visuales y presentaci\u00f3n de libros.<\/p>\n\n\n\n<p>\u201cEn la barra procuramos tambi\u00e9n dar cabida a las marcas locales, casi todos nuestros cocteles est\u00e1n hechos con sotol de La Laguna, cerveza lagunera, ginebra lagunera. Es un lugar que la gente quiere mucho, nos da \u00e1nimos para seguir, porque tenemos un reto grande\u201d, concluy\u00f3.<\/p>\n\n\n\n<figure class=\"wp-block-image size-large is-resized\"><img decoding=\"async\" width=\"768\" height=\"1024\" src=\"https:\/\/lavereda.com.mx\/wp-content\/uploads\/2024\/04\/96a4b8e9-befa-4aad-851d-688593395209-768x1024.jpg\" alt=\"\" class=\"wp-image-5959\" style=\"width:459px;height:auto\" srcset=\"https:\/\/lavereda.com.mx\/wp-content\/uploads\/2024\/04\/96a4b8e9-befa-4aad-851d-688593395209-768x1024.jpg 768w, https:\/\/lavereda.com.mx\/wp-content\/uploads\/2024\/04\/96a4b8e9-befa-4aad-851d-688593395209-225x300.jpg 225w, https:\/\/lavereda.com.mx\/wp-content\/uploads\/2024\/04\/96a4b8e9-befa-4aad-851d-688593395209.jpg 960w\" sizes=\"(max-width: 768px) 100vw, 768px\" \/><\/figure>\n","protected":false},"excerpt":{"rendered":"<p>Un espacio gastron\u00f3mico y cultural, que junto con un complejo de arte ha venido a darle nueva vida al centro hist\u00f3rico de Torre\u00f3n, llega a su primer aniversario. El restaurante &hellip; <a href=\"https:\/\/lavereda.com.mx\/index.php\/2024\/04\/13\/chiosco-la-morelos-el-reto-de-atraer-el-publico-al-centro-historico\/\" class=\"more-link\">Leer m\u00e1s<\/a><\/p>\n","protected":false},"author":9,"featured_media":5958,"comment_status":"open","ping_status":"open","sticky":false,"template":"","format":"standard","meta":{"footnotes":""},"categories":[7,18],"tags":[],"class_list":["post-5956","post","type-post","status-publish","format-standard","has-post-thumbnail","hentry","category-entretenimiento","category-lomasrelevante","entry"],"_links":{"self":[{"href":"https:\/\/lavereda.com.mx\/index.php\/wp-json\/wp\/v2\/posts\/5956","targetHints":{"allow":["GET"]}}],"collection":[{"href":"https:\/\/lavereda.com.mx\/index.php\/wp-json\/wp\/v2\/posts"}],"about":[{"href":"https:\/\/lavereda.com.mx\/index.php\/wp-json\/wp\/v2\/types\/post"}],"author":[{"embeddable":true,"href":"https:\/\/lavereda.com.mx\/index.php\/wp-json\/wp\/v2\/users\/9"}],"replies":[{"embeddable":true,"href":"https:\/\/lavereda.com.mx\/index.php\/wp-json\/wp\/v2\/comments?post=5956"}],"version-history":[{"count":2,"href":"https:\/\/lavereda.com.mx\/index.php\/wp-json\/wp\/v2\/posts\/5956\/revisions"}],"predecessor-version":[{"id":5961,"href":"https:\/\/lavereda.com.mx\/index.php\/wp-json\/wp\/v2\/posts\/5956\/revisions\/5961"}],"wp:featuredmedia":[{"embeddable":true,"href":"https:\/\/lavereda.com.mx\/index.php\/wp-json\/wp\/v2\/media\/5958"}],"wp:attachment":[{"href":"https:\/\/lavereda.com.mx\/index.php\/wp-json\/wp\/v2\/media?parent=5956"}],"wp:term":[{"taxonomy":"category","embeddable":true,"href":"https:\/\/lavereda.com.mx\/index.php\/wp-json\/wp\/v2\/categories?post=5956"},{"taxonomy":"post_tag","embeddable":true,"href":"https:\/\/lavereda.com.mx\/index.php\/wp-json\/wp\/v2\/tags?post=5956"}],"curies":[{"name":"wp","href":"https:\/\/api.w.org\/{rel}","templated":true}]}}