{"id":595,"date":"2020-09-13T16:15:20","date_gmt":"2020-09-13T16:15:20","guid":{"rendered":"http:\/\/lavereda.com.mx\/?p=595"},"modified":"2020-09-13T16:15:22","modified_gmt":"2020-09-13T16:15:22","slug":"cine-tv-downsizing","status":"publish","type":"post","link":"https:\/\/lavereda.com.mx\/index.php\/2020\/09\/13\/cine-tv-downsizing\/","title":{"rendered":"Cine TV: Downsizing"},"content":{"rendered":"\n<p>(Downsizing, 2017)<\/p>\n\n\n\n<p>El maestro Alexander Payne concibi\u00f3 Downsizing como una comedia, aunque lo que resulta es una extra\u00f1a s\u00e1tira social de ciencia ficci\u00f3n, con algunas risas y cuestionamientos inquietantes sobre el siguiente paso que debe dar la especie humana para evitar la extinci\u00f3n que alg\u00fan d\u00eda la amenazar\u00e1.<\/p>\n\n\n\n<p>La historia, que en Hispanoam\u00e9rica es denominada Peque\u00f1a&nbsp;&nbsp;Gran Vida, es de resultados irregulares. Contiene una cr\u00edtica a la industrializaci\u00f3n, a la indiferencia de los pa\u00edses al cambio clim\u00e1tico y al consumismo desenfrenado que, en un futuro no lejano, devastar\u00e1 al planeta.<\/p>\n\n\n\n<p>En esta distopia se encuentra una pareja formada por Matt Damon y Kristen Wiig, que se esfuerza por salir de la clase media. \u00c9l, poco ambicioso, atorado en un trabajo rutinario, no encuentra la manera de avanzar en la escala social.<\/p>\n\n\n\n<p>En medio de su dilema surge un auge mundial sobre el gran invento cient\u00edfico que lo ha cambiado todo: las personas pueden ser empeque\u00f1ecidas y confinadas en ciudades especialmente dise\u00f1adas, con lo que su nivel de vida asciende considerablemente.<\/p>\n\n\n\n<p>Los esposos deciden someterse al procedimiento irreversible, pero algo sale mal y \u00e9l es el p\u00fanico reducido, con lo que queda solo en esa tierra de peque\u00f1os.<\/p>\n\n\n\n<p>Aunque la premisa es muy interesante, su objetivo se desv\u00eda. En realidad Payne parece haber hecho dos pel\u00edculas. En la primera ocurre todo el interesante proceso del empeque\u00f1ecimiento, y en la segunda se echa un vistazo la vida dentro de esa sociedad anormal en la que, todos igualados, se pierde el sentido de las diferencias. De esta forma, las preocupaciones se transforman, y se olvida su condici\u00f3n inusual.<\/p>\n\n\n\n<p>No importa que la historia est\u00e9 llena de huecos de l\u00f3gica. Ver a gente diminuta sobreviviendo en un mundo nuevo es un espect\u00e1culo digno de verse.<\/p>\n\n\n\n<p>Contiene algunos importantes cuestionamientos sobre las posibilidades que a\u00fan le resta por explorar a los cient\u00edficos, sobre la forma en que debe ser resuelta la sustentabilidad, harta ahora no alcanzada, en el planeta.<\/p>\n\n\n\n<p>(R. Restringido; menores de 17 deben estar acompa\u00f1ados de sus padres)<\/p>\n\n\n\n<p>Netflix<\/p>\n\n\n\n<p><em>Twitter @LucianoCamposG<\/em><\/p>\n","protected":false},"excerpt":{"rendered":"<p>(Downsizing, 2017) El maestro Alexander Payne concibi\u00f3 Downsizing como una comedia, aunque lo que resulta es una extra\u00f1a s\u00e1tira social de ciencia ficci\u00f3n, con algunas risas y cuestionamientos inquietantes sobre &hellip; <a href=\"https:\/\/lavereda.com.mx\/index.php\/2020\/09\/13\/cine-tv-downsizing\/\" class=\"more-link\">Leer m\u00e1s<\/a><\/p>\n","protected":false},"author":3,"featured_media":596,"comment_status":"open","ping_status":"open","sticky":false,"template":"","format":"standard","meta":{"footnotes":""},"categories":[6],"tags":[],"class_list":["post-595","post","type-post","status-publish","format-standard","has-post-thumbnail","hentry","category-cinetv","entry"],"_links":{"self":[{"href":"https:\/\/lavereda.com.mx\/index.php\/wp-json\/wp\/v2\/posts\/595","targetHints":{"allow":["GET"]}}],"collection":[{"href":"https:\/\/lavereda.com.mx\/index.php\/wp-json\/wp\/v2\/posts"}],"about":[{"href":"https:\/\/lavereda.com.mx\/index.php\/wp-json\/wp\/v2\/types\/post"}],"author":[{"embeddable":true,"href":"https:\/\/lavereda.com.mx\/index.php\/wp-json\/wp\/v2\/users\/3"}],"replies":[{"embeddable":true,"href":"https:\/\/lavereda.com.mx\/index.php\/wp-json\/wp\/v2\/comments?post=595"}],"version-history":[{"count":1,"href":"https:\/\/lavereda.com.mx\/index.php\/wp-json\/wp\/v2\/posts\/595\/revisions"}],"predecessor-version":[{"id":597,"href":"https:\/\/lavereda.com.mx\/index.php\/wp-json\/wp\/v2\/posts\/595\/revisions\/597"}],"wp:featuredmedia":[{"embeddable":true,"href":"https:\/\/lavereda.com.mx\/index.php\/wp-json\/wp\/v2\/media\/596"}],"wp:attachment":[{"href":"https:\/\/lavereda.com.mx\/index.php\/wp-json\/wp\/v2\/media?parent=595"}],"wp:term":[{"taxonomy":"category","embeddable":true,"href":"https:\/\/lavereda.com.mx\/index.php\/wp-json\/wp\/v2\/categories?post=595"},{"taxonomy":"post_tag","embeddable":true,"href":"https:\/\/lavereda.com.mx\/index.php\/wp-json\/wp\/v2\/tags?post=595"}],"curies":[{"name":"wp","href":"https:\/\/api.w.org\/{rel}","templated":true}]}}