{"id":5945,"date":"2024-04-05T23:04:44","date_gmt":"2024-04-05T23:04:44","guid":{"rendered":"http:\/\/lavereda.com.mx\/?p=5945"},"modified":"2024-04-05T23:04:45","modified_gmt":"2024-04-05T23:04:45","slug":"la-oferta-cultural-en-el-eclipse-solar","status":"publish","type":"post","link":"https:\/\/lavereda.com.mx\/index.php\/2024\/04\/05\/la-oferta-cultural-en-el-eclipse-solar\/","title":{"rendered":"La oferta cultural en el eclipse solar"},"content":{"rendered":"\n<p>\u00bfEst\u00e1 la ciudad de Torre\u00f3n preparada para recibir a miles de visitantes que observar\u00e1n el Eclipse Total Solar?<\/p>\n\n\n\n<p>La pregunta no s\u00f3lo abarca la infraestructura y la imagen urbana, los servicios p\u00fablicos, la hoteler\u00eda, restaurantes y parques, que todos esperamos ofrezcan calidad (aunque la duda cabe en algunas \u00e1reas).<\/p>\n\n\n\n<p>Hablemos de la oferta cultural y de entretenimiento de la ciudad y la regi\u00f3n.<\/p>\n\n\n\n<p>El lunes, d\u00eda del eclipse, todos los museos ser\u00e1n centros de observaci\u00f3n segura y ofrecer\u00e1n actividades culturales, lo mismo har\u00e1 la Casa la Morelos en el centro de la ciudad.<\/p>\n\n\n\n<p>Pero los visitantes llegan desde el fin de semana y tendr\u00e1n tiempo no s\u00f3lo de pasear por centros comerciales o visitar el estadio de futbol. Deben saber que la ciudad cuenta con una oferta cultural, que falta difundir, apoyar y sacarle el mayor provecho.<\/p>\n\n\n\n<p>Por ejemplo, el domingo 7 a las 19:00 horas y el lunes 8 de abril a las 20:00 horas, la Camerata de Coahuila ofrecer\u00e1 el concierto \u201cStar Wars Sinf\u00f3nico\u201d en el Teatro Isauro Mart\u00ednez.<\/p>\n\n\n\n<p>Este viernes se desarrolla dentro del Festival Eclipse Solar del Municipio de Torre\u00f3n la presentaci\u00f3n de m\u00fasica y danza africana, \u201cDanza bajo las estrellas\u201d a cargo del grupo de danza y ensamble de percusiones YAGE, a las 19:30 horas en la Casa del Cerro.<\/p>\n\n\n\n<p>No podemos dejar pasar la \u201cFiesta del Desierto\u201d, donde habr\u00e1 m\u00fasica, degustaci\u00f3n de bebidas, espect\u00e1culos de charros, DJ, lucha libre, entre otras actividades, en las instalaciones de la Expo Feria, el 6 y 7 de abril a partir de las 14:00 horas.<\/p>\n\n\n\n<p>Asimismo, el domingo 7 de abril en el Foro del Parque Fundadores se presentar\u00e1 el concierto \u201cTierra del Sol de Medianoche\u201d con la Sinf\u00f3nica Juvenil de Torre\u00f3n, a las 17:00 horas.<\/p>\n\n\n\n<figure class=\"wp-block-image size-full is-resized\"><img fetchpriority=\"high\" decoding=\"async\" width=\"1000\" height=\"666\" src=\"https:\/\/lavereda.com.mx\/wp-content\/uploads\/2024\/04\/50112109_10213174357018904_8302820048351789056_n.jpg\" alt=\"\" class=\"wp-image-5946\" style=\"width:533px;height:auto\" srcset=\"https:\/\/lavereda.com.mx\/wp-content\/uploads\/2024\/04\/50112109_10213174357018904_8302820048351789056_n.jpg 1000w, https:\/\/lavereda.com.mx\/wp-content\/uploads\/2024\/04\/50112109_10213174357018904_8302820048351789056_n-300x200.jpg 300w, https:\/\/lavereda.com.mx\/wp-content\/uploads\/2024\/04\/50112109_10213174357018904_8302820048351789056_n-768x511.jpg 768w\" sizes=\"(max-width: 1000px) 100vw, 1000px\" \/><\/figure>\n\n\n\n<p>El lunes 8 de abril habr\u00e1 una nutrida cartelera y fiesta en la terraza en el Museo Arocena, el Encuentro Cultural por el Eclipse \u201cTonalcualco\u201d en la Casa La Morelos, entre otras actividades.<\/p>\n\n\n\n<p>Un fen\u00f3meno astron\u00f3mico que no se vivir\u00e1 en m\u00e1s de cien a\u00f1os, merece que la ciudad luzca en su mejor apogeo, en los servicios, hoteler\u00eda, pero especialmente en oferta cultural y de entretenimiento. Ojal\u00e1 que en todos los aspectos Torre\u00f3n est\u00e9 a la altura.<\/p>\n\n\n\n<p>Twitter: @Lavargasadri<\/p>\n\n\n\n<p><em>Fotos: Cortes\u00eda Planetarium y Museo Arocena.<\/em><\/p>\n","protected":false},"excerpt":{"rendered":"<p>\u00bfEst\u00e1 la ciudad de Torre\u00f3n preparada para recibir a miles de visitantes que observar\u00e1n el Eclipse Total Solar? La pregunta no s\u00f3lo abarca la infraestructura y la imagen urbana, los &hellip; <a href=\"https:\/\/lavereda.com.mx\/index.php\/2024\/04\/05\/la-oferta-cultural-en-el-eclipse-solar\/\" class=\"more-link\">Leer m\u00e1s<\/a><\/p>\n","protected":false},"author":9,"featured_media":5947,"comment_status":"open","ping_status":"open","sticky":false,"template":"","format":"standard","meta":{"footnotes":""},"categories":[11,2,7,9],"tags":[106,107],"class_list":["post-5945","post","type-post","status-publish","format-standard","has-post-thumbnail","hentry","category-agenda","category-artes-escenicas","category-entretenimiento","category-opinion","tag-eclipse-2024","tag-eclipse-solar","entry"],"_links":{"self":[{"href":"https:\/\/lavereda.com.mx\/index.php\/wp-json\/wp\/v2\/posts\/5945","targetHints":{"allow":["GET"]}}],"collection":[{"href":"https:\/\/lavereda.com.mx\/index.php\/wp-json\/wp\/v2\/posts"}],"about":[{"href":"https:\/\/lavereda.com.mx\/index.php\/wp-json\/wp\/v2\/types\/post"}],"author":[{"embeddable":true,"href":"https:\/\/lavereda.com.mx\/index.php\/wp-json\/wp\/v2\/users\/9"}],"replies":[{"embeddable":true,"href":"https:\/\/lavereda.com.mx\/index.php\/wp-json\/wp\/v2\/comments?post=5945"}],"version-history":[{"count":1,"href":"https:\/\/lavereda.com.mx\/index.php\/wp-json\/wp\/v2\/posts\/5945\/revisions"}],"predecessor-version":[{"id":5948,"href":"https:\/\/lavereda.com.mx\/index.php\/wp-json\/wp\/v2\/posts\/5945\/revisions\/5948"}],"wp:featuredmedia":[{"embeddable":true,"href":"https:\/\/lavereda.com.mx\/index.php\/wp-json\/wp\/v2\/media\/5947"}],"wp:attachment":[{"href":"https:\/\/lavereda.com.mx\/index.php\/wp-json\/wp\/v2\/media?parent=5945"}],"wp:term":[{"taxonomy":"category","embeddable":true,"href":"https:\/\/lavereda.com.mx\/index.php\/wp-json\/wp\/v2\/categories?post=5945"},{"taxonomy":"post_tag","embeddable":true,"href":"https:\/\/lavereda.com.mx\/index.php\/wp-json\/wp\/v2\/tags?post=5945"}],"curies":[{"name":"wp","href":"https:\/\/api.w.org\/{rel}","templated":true}]}}