{"id":5938,"date":"2024-04-03T01:51:32","date_gmt":"2024-04-03T01:51:32","guid":{"rendered":"http:\/\/lavereda.com.mx\/?p=5938"},"modified":"2024-04-03T01:51:32","modified_gmt":"2024-04-03T01:51:32","slug":"ofreceran-un-recuento-historico-de-los-eclipses-solares","status":"publish","type":"post","link":"https:\/\/lavereda.com.mx\/index.php\/2024\/04\/03\/ofreceran-un-recuento-historico-de-los-eclipses-solares\/","title":{"rendered":"Ofrecer\u00e1n un recuento hist\u00f3rico de los eclipses solares"},"content":{"rendered":"\n<p>A pocos d\u00edas del eclipse total solar, crece el inter\u00e9s por informarse sobre este fen\u00f3meno astron\u00f3mico.<\/p>\n\n\n\n<p>El Archivo Municipal de Torre\u00f3n presentar\u00e1 un recuento hist\u00f3rico de eclipses solares totales vistos desde la Comarca Lagunera, en una conferencia que impartir\u00e1 Silvia Leticia Zueck Gonz\u00e1lez, doctora en pedagog\u00eda, en las instalaciones de la instituci\u00f3n.<\/p>\n\n\n\n<p>La charla se ofrecer\u00e1 el viernes 5 de abril en punto de las 19:00 horas, en el marco del eclipse del 8 de abril, que convertir\u00e1 a Torre\u00f3n en una de las cuatro ciudades del pa\u00eds con las mejores condiciones climatol\u00f3gicas para observarlo.<\/p>\n\n\n\n<p>Cinthia Gaspar Montero, directora de la dependencia, dijo que es importante conocer los antecedentes en La Laguna acerca de estos fen\u00f3menos astron\u00f3micos.<\/p>\n\n\n\n<p>\u201cEl 10 de septiembre de 1923 ocurri\u00f3 uno de los primeros eclipses solares totales del siglo XX, el cual fue visible en el suroeste de California y el norte de M\u00e9xico. Sin embargo, debido a su ubicaci\u00f3n, nuestro pa\u00eds tuvo una mayor oportunidad de promover expediciones cient\u00edficas para llevar a cabo estudios y pruebas astron\u00f3micas con su impulsor, Joaqu\u00edn Gallo, director del Observatorio Astron\u00f3mico Nacional\u201d, mencion\u00f3 la titular.<\/p>\n\n\n\n<p>Acerca de la ponente, Silvia Zueck es doctora en Pedagog\u00eda por la Facultad de Filosof\u00eda y Letras de la Universidad Nacional Aut\u00f3noma de M\u00e9xico (UNAM), con \u00e9nfasis en la historia del Observatorio Astron\u00f3mico Nacional.<\/p>\n\n\n\n<p>Public\u00f3 art\u00edculos en revistas acad\u00e9micas sobre la comunidad de astr\u00f3nomos que integraron el observatorio.<\/p>\n\n\n\n<p>Recientemente public\u00f3 un art\u00edculo sobre la comunidad jesuita italiana que fund\u00f3 observatorios meteorol\u00f3gicos y astron\u00f3micos en los colegios de San Juan Nepomuceno en Saltillo y en el Sagrado Coraz\u00f3n de Puebla.<\/p>\n\n\n\n<p>Es integrante de la Asociaci\u00f3n de Investigadores Italianos en M\u00e9xico (ARIM), de la Sociedad Mexicana de Geograf\u00eda y Estad\u00edstica (SMGE), de la Casa Coahuila de la Ciudad de M\u00e9xico, entre otras.<\/p>\n","protected":false},"excerpt":{"rendered":"<p>A pocos d\u00edas del eclipse total solar, crece el inter\u00e9s por informarse sobre este fen\u00f3meno astron\u00f3mico. El Archivo Municipal de Torre\u00f3n presentar\u00e1 un recuento hist\u00f3rico de eclipses solares totales vistos &hellip; <a href=\"https:\/\/lavereda.com.mx\/index.php\/2024\/04\/03\/ofreceran-un-recuento-historico-de-los-eclipses-solares\/\" class=\"more-link\">Leer m\u00e1s<\/a><\/p>\n","protected":false},"author":9,"featured_media":5939,"comment_status":"open","ping_status":"open","sticky":false,"template":"","format":"standard","meta":{"footnotes":""},"categories":[18,8],"tags":[106,107],"class_list":["post-5938","post","type-post","status-publish","format-standard","has-post-thumbnail","hentry","category-lomasrelevante","category-sociedad","tag-eclipse-2024","tag-eclipse-solar","entry"],"_links":{"self":[{"href":"https:\/\/lavereda.com.mx\/index.php\/wp-json\/wp\/v2\/posts\/5938","targetHints":{"allow":["GET"]}}],"collection":[{"href":"https:\/\/lavereda.com.mx\/index.php\/wp-json\/wp\/v2\/posts"}],"about":[{"href":"https:\/\/lavereda.com.mx\/index.php\/wp-json\/wp\/v2\/types\/post"}],"author":[{"embeddable":true,"href":"https:\/\/lavereda.com.mx\/index.php\/wp-json\/wp\/v2\/users\/9"}],"replies":[{"embeddable":true,"href":"https:\/\/lavereda.com.mx\/index.php\/wp-json\/wp\/v2\/comments?post=5938"}],"version-history":[{"count":1,"href":"https:\/\/lavereda.com.mx\/index.php\/wp-json\/wp\/v2\/posts\/5938\/revisions"}],"predecessor-version":[{"id":5940,"href":"https:\/\/lavereda.com.mx\/index.php\/wp-json\/wp\/v2\/posts\/5938\/revisions\/5940"}],"wp:featuredmedia":[{"embeddable":true,"href":"https:\/\/lavereda.com.mx\/index.php\/wp-json\/wp\/v2\/media\/5939"}],"wp:attachment":[{"href":"https:\/\/lavereda.com.mx\/index.php\/wp-json\/wp\/v2\/media?parent=5938"}],"wp:term":[{"taxonomy":"category","embeddable":true,"href":"https:\/\/lavereda.com.mx\/index.php\/wp-json\/wp\/v2\/categories?post=5938"},{"taxonomy":"post_tag","embeddable":true,"href":"https:\/\/lavereda.com.mx\/index.php\/wp-json\/wp\/v2\/tags?post=5938"}],"curies":[{"name":"wp","href":"https:\/\/api.w.org\/{rel}","templated":true}]}}