{"id":5934,"date":"2024-03-28T00:25:39","date_gmt":"2024-03-28T00:25:39","guid":{"rendered":"http:\/\/lavereda.com.mx\/?p=5934"},"modified":"2024-03-28T00:25:40","modified_gmt":"2024-03-28T00:25:40","slug":"presentan-cartelera-cultural-en-torno-al-eclipse-solar","status":"publish","type":"post","link":"https:\/\/lavereda.com.mx\/index.php\/2024\/03\/28\/presentan-cartelera-cultural-en-torno-al-eclipse-solar\/","title":{"rendered":"Presentan cartelera cultural en torno al Eclipse Solar"},"content":{"rendered":"\n<p>El d\u00eda de hoy fue presentada la cartelera de actividades culturales en torno al Eclipse Solar que suceder\u00e1 el pr\u00f3ximo 8 de abril, por el Instituto Municipal de Cultura y Educaci\u00f3n.<\/p>\n\n\n\n<p>Torre\u00f3n ha sido elegido por la Administraci\u00f3n Nacional de Aeron\u00e1utica y el Espacio (NASA) como el mejor sitio para ver el eclipse que, en la fase parcial, inicia a las 10:59 horas con 58 segundos y la fase total comenzar\u00eda a las 12:17 con 55 segundos. El punto m\u00e1ximo iniciar\u00eda a las 12:19 horas y tendr\u00e1 una duraci\u00f3n de 4 minutos con 10 segundos.<\/p>\n\n\n\n<p>Se contar\u00e1 con m\u00e1s de 200 puntos de observaci\u00f3n segura como el Bosque Urbano, centros culturales, museos, universidades, espacios p\u00fablicos. Los puntos de observaci\u00f3n tendr\u00e1n el apoyo de instituciones como Planetarium Torre\u00f3n y el Ayuntamiento de Torre\u00f3n, as\u00ed mismo, contar\u00e1n con personal capacitado y lentes especiales para observar dicho fen\u00f3meno cuidando las condiciones necesarias de seguridad hacia la ciudadan\u00eda para que no se ocasione un da\u00f1o a la vista.&nbsp;<\/p>\n\n\n\n<p>El director del IMCE, el Arquitecto Antonio Edmundo M\u00e9ndez Vigat\u00e1, mencion\u00f3 que se contar\u00e1 con 4,500 lentes disponibles en tendederos para que las personas puedan utilizar mientras que disfrutan de espect\u00e1culos culturales. \u00a0<\/p>\n\n\n\n<p>Tambi\u00e9n habr\u00e1 actividades previas al d\u00eda del eclipse como proyecci\u00f3n de pel\u00edculas, cortometrajes, documentales, talleres y charlas literarias. Durante el d\u00eda del espect\u00e1culo natural, se contar\u00e1 con telescopios, realizaci\u00f3n de visores estenopeicos, danzas, espect\u00e1culos musicales y artesan\u00edas.<\/p>\n\n\n\n<p>Las sedes de las actividades ser\u00e1n el Museo Hist\u00f3rico Casa del Cerro, Museo del Ferrocarril, Museo del Algod\u00f3n, Museo de la Moneda, Canal de la Perla, Casa Mud\u00e9jar, Centro Cultural (C.C) Pablo C. Moreno, C.C Jos\u00e9 R. Mijares, C.C Jabonera La Uni\u00f3n, Biblioteca Jos\u00e9 Garc\u00eda de Letona, Biblioteca Beatriz Gonz\u00e1lez de Montemayor, Biblioteca Salvador Novo, Biblioteca Benito Ju\u00e1rez, Biblioteca Sor Juana In\u00e9s de la Cruz, Biblioteca Efra\u00edn Gonz\u00e1lez Luna.&nbsp;<\/p>\n\n\n\n<p>Asimismo, en el Bosque Urbano se presentar\u00e1 \u201cAs\u00ed es mi M\u00e9xico\u201d por la compa\u00f1\u00eda de Danza Ballet Nahucalli, seguido por la presentaci\u00f3n musical del cantante ganador de La Voz M\u00e9xico 2020, Fernando Sujo.<\/p>\n\n\n\n<p>Para recibir a la luna, la danza Azteca \u201cQuetzalli\u201d iniciar\u00e1 su presentaci\u00f3n cinco minutos antes y cinco minutos despu\u00e9s de que la oscuridad cobije la ciudad. Y para finalizar el programa, la Banda Municipal de Torre\u00f3n ambientar\u00e1 con \u201cPolkas Laguneras y la Guelaguetza\u201d acompa\u00f1ados del Ballet Nahucalli.&nbsp;<\/p>\n","protected":false},"excerpt":{"rendered":"<p>El d\u00eda de hoy fue presentada la cartelera de actividades culturales en torno al Eclipse Solar que suceder\u00e1 el pr\u00f3ximo 8 de abril, por el Instituto Municipal de Cultura y &hellip; <a href=\"https:\/\/lavereda.com.mx\/index.php\/2024\/03\/28\/presentan-cartelera-cultural-en-torno-al-eclipse-solar\/\" class=\"more-link\">Leer m\u00e1s<\/a><\/p>\n","protected":false},"author":9,"featured_media":5935,"comment_status":"open","ping_status":"open","sticky":false,"template":"","format":"standard","meta":{"footnotes":""},"categories":[2,7],"tags":[107],"class_list":["post-5934","post","type-post","status-publish","format-standard","has-post-thumbnail","hentry","category-artes-escenicas","category-entretenimiento","tag-eclipse-solar","entry"],"_links":{"self":[{"href":"https:\/\/lavereda.com.mx\/index.php\/wp-json\/wp\/v2\/posts\/5934","targetHints":{"allow":["GET"]}}],"collection":[{"href":"https:\/\/lavereda.com.mx\/index.php\/wp-json\/wp\/v2\/posts"}],"about":[{"href":"https:\/\/lavereda.com.mx\/index.php\/wp-json\/wp\/v2\/types\/post"}],"author":[{"embeddable":true,"href":"https:\/\/lavereda.com.mx\/index.php\/wp-json\/wp\/v2\/users\/9"}],"replies":[{"embeddable":true,"href":"https:\/\/lavereda.com.mx\/index.php\/wp-json\/wp\/v2\/comments?post=5934"}],"version-history":[{"count":1,"href":"https:\/\/lavereda.com.mx\/index.php\/wp-json\/wp\/v2\/posts\/5934\/revisions"}],"predecessor-version":[{"id":5936,"href":"https:\/\/lavereda.com.mx\/index.php\/wp-json\/wp\/v2\/posts\/5934\/revisions\/5936"}],"wp:featuredmedia":[{"embeddable":true,"href":"https:\/\/lavereda.com.mx\/index.php\/wp-json\/wp\/v2\/media\/5935"}],"wp:attachment":[{"href":"https:\/\/lavereda.com.mx\/index.php\/wp-json\/wp\/v2\/media?parent=5934"}],"wp:term":[{"taxonomy":"category","embeddable":true,"href":"https:\/\/lavereda.com.mx\/index.php\/wp-json\/wp\/v2\/categories?post=5934"},{"taxonomy":"post_tag","embeddable":true,"href":"https:\/\/lavereda.com.mx\/index.php\/wp-json\/wp\/v2\/tags?post=5934"}],"curies":[{"name":"wp","href":"https:\/\/api.w.org\/{rel}","templated":true}]}}