{"id":5929,"date":"2024-03-27T15:10:27","date_gmt":"2024-03-27T15:10:27","guid":{"rendered":"http:\/\/lavereda.com.mx\/?p=5929"},"modified":"2024-03-27T15:10:27","modified_gmt":"2024-03-27T15:10:27","slug":"preparan-en-torreon-la-fiesta-del-desierto","status":"publish","type":"post","link":"https:\/\/lavereda.com.mx\/index.php\/2024\/03\/27\/preparan-en-torreon-la-fiesta-del-desierto\/","title":{"rendered":"Preparan en Torre\u00f3n la Fiesta del Desierto"},"content":{"rendered":"\n<p><\/p>\n\n\n\n<p>El fin de semana previo al Eclipse Solar, el 6 y 7 de abril, se realizar\u00e1 la Fiesta del Desierto, una oportunidad para celebrar este evento astron\u00f3mico, a trav\u00e9s de  los elementos m\u00e1s emblem\u00e1ticos de la cultura mexicana.<\/p>\n\n\n\n<p>Las actividades se presentar\u00e1n de las 14:00 a las 21:00 horas en las instalaciones de la Feria de Torre\u00f3n.<\/p>\n\n\n\n<p>Las organizadoras  comentaron que habr\u00e1 degustaciones gratuitas de tequila, mezcal, sotol y vino, donde se podr\u00e1 apreciar la riqueza y variedad de nuestras bebidas m\u00e1s emblem\u00e1ticas. La decoraci\u00f3n estar\u00e1 inspirada en los pueblos m\u00e1gicos.<\/p>\n\n\n\n<p>Se contar\u00e1 con un espect\u00e1culo de escaramuzas, charros y caballos, hasta melod\u00edas de mariachi que son preferidas por el p\u00fablico mexicano.<\/p>\n\n\n\n<p>Para los amantes de la lucha libre, el evento contar\u00e1 con una funci\u00f3n imperdible sobre el ring, donde luchadores enmascarados demostrar\u00e1n su habilidad y agilidad, cautivando a la audiencia con cada movimiento.<\/p>\n\n\n\n<p>Adem\u00e1s, los asistentes tendr\u00e1n la oportunidad de presenciar la ancestral limpieza energ\u00e9tica realizada por los danzantes aztecas, quienes con el aroma del copal purificar\u00e1n el ambiente.<\/p>\n\n\n\n<p>Los food trucks estar\u00e1n presentes. Adem\u00e1s se exhibir\u00e1n y vender\u00e1n obras de artesanos laguneros, ofreciendo a los asistentes la oportunidad de llevarse a casa un pedacito de nuestra cultura.<\/p>\n\n\n\n<p>M\u00e1s informaci\u00f3n sobre costo de entrada en las redes sociales: @fiestadeldesierto.<\/p>\n\n\n\n<p>\u2026..<\/p>\n","protected":false},"excerpt":{"rendered":"<p>El fin de semana previo al Eclipse Solar, el 6 y 7 de abril, se realizar\u00e1 la Fiesta del Desierto, una oportunidad para celebrar este evento astron\u00f3mico, a trav\u00e9s de &hellip; <a href=\"https:\/\/lavereda.com.mx\/index.php\/2024\/03\/27\/preparan-en-torreon-la-fiesta-del-desierto\/\" class=\"more-link\">Leer m\u00e1s<\/a><\/p>\n","protected":false},"author":9,"featured_media":5931,"comment_status":"open","ping_status":"open","sticky":false,"template":"","format":"standard","meta":{"footnotes":""},"categories":[7,18,4],"tags":[107,122,33],"class_list":["post-5929","post","type-post","status-publish","format-standard","has-post-thumbnail","hentry","category-entretenimiento","category-lomasrelevante","category-musica","tag-eclipse-solar","tag-eventos","tag-torreon-2","entry"],"_links":{"self":[{"href":"https:\/\/lavereda.com.mx\/index.php\/wp-json\/wp\/v2\/posts\/5929","targetHints":{"allow":["GET"]}}],"collection":[{"href":"https:\/\/lavereda.com.mx\/index.php\/wp-json\/wp\/v2\/posts"}],"about":[{"href":"https:\/\/lavereda.com.mx\/index.php\/wp-json\/wp\/v2\/types\/post"}],"author":[{"embeddable":true,"href":"https:\/\/lavereda.com.mx\/index.php\/wp-json\/wp\/v2\/users\/9"}],"replies":[{"embeddable":true,"href":"https:\/\/lavereda.com.mx\/index.php\/wp-json\/wp\/v2\/comments?post=5929"}],"version-history":[{"count":2,"href":"https:\/\/lavereda.com.mx\/index.php\/wp-json\/wp\/v2\/posts\/5929\/revisions"}],"predecessor-version":[{"id":5933,"href":"https:\/\/lavereda.com.mx\/index.php\/wp-json\/wp\/v2\/posts\/5929\/revisions\/5933"}],"wp:featuredmedia":[{"embeddable":true,"href":"https:\/\/lavereda.com.mx\/index.php\/wp-json\/wp\/v2\/media\/5931"}],"wp:attachment":[{"href":"https:\/\/lavereda.com.mx\/index.php\/wp-json\/wp\/v2\/media?parent=5929"}],"wp:term":[{"taxonomy":"category","embeddable":true,"href":"https:\/\/lavereda.com.mx\/index.php\/wp-json\/wp\/v2\/categories?post=5929"},{"taxonomy":"post_tag","embeddable":true,"href":"https:\/\/lavereda.com.mx\/index.php\/wp-json\/wp\/v2\/tags?post=5929"}],"curies":[{"name":"wp","href":"https:\/\/api.w.org\/{rel}","templated":true}]}}