{"id":5912,"date":"2024-03-21T23:49:16","date_gmt":"2024-03-21T23:49:16","guid":{"rendered":"http:\/\/lavereda.com.mx\/?p=5912"},"modified":"2024-03-22T15:28:47","modified_gmt":"2024-03-22T15:28:47","slug":"dia-mundial-del-sindrome-de-down-2024","status":"publish","type":"post","link":"https:\/\/lavereda.com.mx\/index.php\/2024\/03\/21\/dia-mundial-del-sindrome-de-down-2024\/","title":{"rendered":"D\u00eda Mundial del S\u00edndrome de Down:        \u201caprender de su sonrisa\u201d"},"content":{"rendered":"\n<p>\u201cTodos diferentes, todos iguales\u201d es parte del lema del D\u00eda Mundial del S\u00edndrome de Down, que la ONU estableci\u00f3 el 21 de marzo.&nbsp; Con esta celebraci\u00f3n, se busca generar una mayor conciencia hacia las valiosas contribuciones de las personas con discapacidad intelectual, como promotores del bienestar y de la diversidad de sus comunidades.<\/p>\n\n\n<div class=\"wp-block-image\">\n<figure class=\"aligncenter size-large is-resized\"><img fetchpriority=\"high\" decoding=\"async\" width=\"768\" height=\"1024\" src=\"https:\/\/lavereda.com.mx\/wp-content\/uploads\/2024\/03\/Emmita-768x1024.jpeg\" alt=\"\" class=\"wp-image-5913\" style=\"width:528px;height:auto\" srcset=\"https:\/\/lavereda.com.mx\/wp-content\/uploads\/2024\/03\/Emmita-768x1024.jpeg 768w, https:\/\/lavereda.com.mx\/wp-content\/uploads\/2024\/03\/Emmita-225x300.jpeg 225w, https:\/\/lavereda.com.mx\/wp-content\/uploads\/2024\/03\/Emmita.jpeg 1000w\" sizes=\"(max-width: 768px) 100vw, 768px\" \/><\/figure>\n<\/div>\n\n\n<p><\/p>\n\n\n\n<p>La tradici\u00f3n nos invita a portar calcetines diferentes en este d\u00eda para abrazar la diversidad, pero sobre todo, al voltear a ver a las personas con s\u00edndrome de Down, se busca resaltar la importancia de su autonom\u00eda, su independencia individual y la libertad de tomar sus propias decisiones.<\/p>\n\n\n\n<p>Ana, madre de una peque\u00f1a de casi 4 a\u00f1os con S\u00edndrome de Down, comparti\u00f3 los retos que ha significado para ella y su familia la educaci\u00f3n y el cuidado de su hija:<\/p>\n\n\n\n<p><strong>PACIENCIA Y CONSTANCIA<\/strong><\/p>\n\n\n\n<p>\u201cHemos aprendido a tener mucha paciencia, porque van a un ritmo diferente, pero logran las cosas, en eso viene la perseverancia, la constancia, a no quitar del dedo del rengl\u00f3n con las rutinas, porque es como ellos aprenden\u201d.<\/p>\n\n\n\n<p>La paciencia ha sido un factor fundamental, porque es tener paciencia con su hija Emma, pero tambi\u00e9n con ellos mismos: \u201cNosotros como pap\u00e1s vamos r\u00e1pido, yo doy vueltas y vueltas, voy muy r\u00e1pido, pero Emma me calma, cuando estoy ella en una terapia o ba\u00f1\u00e1ndola, haciendo algo, me calma el ritmo de mi vida. A m\u00ed me ha ense\u00f1ado a ser m\u00e1s paciente, a estar m\u00e1s en tiempo de calidad con ella, sin prisa, disfrutando de cualquier juego\u201d.<\/p>\n\n\n\n<p>Las ni\u00f1as y ni\u00f1os con S\u00edndrome de Down se enfrentan a nuevos retos con los que les cuesta lidiar, pero con base en la rutina y la paciencia lo pueden lograr todo:<\/p>\n\n\n\n<p>\u201cComo pap\u00e1s tenemos que estar ah\u00ed y ser constantes para que lo logre, que haya disciplina, constancia, perseverancia. Tambi\u00e9n confiar en su proceso, si est\u00e1 cansada, como cualquier persona, porque como nosotros tienen sus d\u00edas buenos y no tan buenos\u201d.<\/p>\n\n\n\n<p><strong>UNA SONRISA AUT\u00c9NTICA<\/strong><\/p>\n\n\n\n<p>Emma es una ni\u00f1a que asiste al jard\u00edn de ni\u00f1os, acompa\u00f1a a su hermana y a su mam\u00e1 a la academia de danza todos los d\u00edas y va a terapia psicomotora y de lenguaje. Juega, canta y le encanta bailar frente al espejo.<\/p>\n\n\n\n<p>Lo que m\u00e1s han aprendido sus pap\u00e1s, es a agradecer su sonrisa:<\/p>\n\n\n\n<blockquote class=\"wp-block-quote is-layout-flow wp-block-quote-is-layout-flow\">\n<p>\u201cDe su sonrisa aprendemos todos los d\u00edas, porque es una sonrisa muy pura, aut\u00e9ntica muy genuina, se r\u00ede contigo porque realmente lo siente, ahorita su lenguaje no es muy extenso, es una manera de demostrar su empat\u00eda y su amor. Hemos aprendido a corresponder su amor que nos demuestra todos los d\u00edas\u201d.<\/p>\n<\/blockquote>\n\n\n\n<p>Y as\u00ed es el d\u00eda a d\u00eda de Ana con Emma:<\/p>\n\n\n\n<p>\u201cMe agarra la mano y me pone frente al espejo a bailar, he aprendido a disfrutar esos momentos, darle todo el tiempo necesario, ella vino a ense\u00f1arme a ir m\u00e1s despacio\u201d.<\/p>\n\n\n<div class=\"wp-block-image\">\n<figure class=\"aligncenter size-large is-resized\"><img decoding=\"async\" width=\"768\" height=\"1024\" src=\"https:\/\/lavereda.com.mx\/wp-content\/uploads\/2024\/03\/c06529d0-6489-455c-8f73-b07c57740f75-768x1024.jpg\" alt=\"\" class=\"wp-image-5918\" style=\"width:491px;height:auto\" srcset=\"https:\/\/lavereda.com.mx\/wp-content\/uploads\/2024\/03\/c06529d0-6489-455c-8f73-b07c57740f75-768x1024.jpg 768w, https:\/\/lavereda.com.mx\/wp-content\/uploads\/2024\/03\/c06529d0-6489-455c-8f73-b07c57740f75-225x300.jpg 225w, https:\/\/lavereda.com.mx\/wp-content\/uploads\/2024\/03\/c06529d0-6489-455c-8f73-b07c57740f75.jpg 1000w\" sizes=\"(max-width: 768px) 100vw, 768px\" \/><\/figure>\n<\/div>\n\n\n<p><\/p>\n\n\n\n<p>El&nbsp;s\u00edndrome de Down&nbsp;es una alteraci\u00f3n gen\u00e9tica causada por la existencia de material gen\u00e9tico extra en el cromosoma 21 que se traduce en discapacidad intelectual.&nbsp;<\/p>\n\n\n\n<p>La incidencia estimada del s\u00edndrome de Down a nivel mundial se sit\u00faa entre 1 de cada 1.000 y 1 de cada 1.100 reci\u00e9n nacidos, de acuerdo con la ONU.<\/p>\n\n\n\n<p>Hoy en d\u00eda se busca un acceso adecuado a la atenci\u00f3n de la salud, a la ense\u00f1anza inclusiva y a la igualdad de oportunidades laborales y econ\u00f3micas para las personas con S\u00edndrome de Down.<\/p>\n\n\n\n<p><\/p>\n\n\n\n<p><\/p>\n\n\n\n<p><\/p>\n","protected":false},"excerpt":{"rendered":"<p>\u201cTodos diferentes, todos iguales\u201d es parte del lema del D\u00eda Mundial del S\u00edndrome de Down, que la ONU estableci\u00f3 el 21 de marzo.\u00a0 Con esta celebraci\u00f3n, se busca generar una mayor conciencia hacia las valiosas contribuciones de las personas con discapacidad intelectual, como promotores del bienestar y de la diversidad de sus comunidades.<\/p>\n","protected":false},"author":9,"featured_media":5920,"comment_status":"open","ping_status":"open","sticky":false,"template":"","format":"standard","meta":{"footnotes":""},"categories":[18,8],"tags":[78],"class_list":["post-5912","post","type-post","status-publish","format-standard","has-post-thumbnail","hentry","category-lomasrelevante","category-sociedad","tag-sindrome-de-down","entry"],"_links":{"self":[{"href":"https:\/\/lavereda.com.mx\/index.php\/wp-json\/wp\/v2\/posts\/5912","targetHints":{"allow":["GET"]}}],"collection":[{"href":"https:\/\/lavereda.com.mx\/index.php\/wp-json\/wp\/v2\/posts"}],"about":[{"href":"https:\/\/lavereda.com.mx\/index.php\/wp-json\/wp\/v2\/types\/post"}],"author":[{"embeddable":true,"href":"https:\/\/lavereda.com.mx\/index.php\/wp-json\/wp\/v2\/users\/9"}],"replies":[{"embeddable":true,"href":"https:\/\/lavereda.com.mx\/index.php\/wp-json\/wp\/v2\/comments?post=5912"}],"version-history":[{"count":7,"href":"https:\/\/lavereda.com.mx\/index.php\/wp-json\/wp\/v2\/posts\/5912\/revisions"}],"predecessor-version":[{"id":5925,"href":"https:\/\/lavereda.com.mx\/index.php\/wp-json\/wp\/v2\/posts\/5912\/revisions\/5925"}],"wp:featuredmedia":[{"embeddable":true,"href":"https:\/\/lavereda.com.mx\/index.php\/wp-json\/wp\/v2\/media\/5920"}],"wp:attachment":[{"href":"https:\/\/lavereda.com.mx\/index.php\/wp-json\/wp\/v2\/media?parent=5912"}],"wp:term":[{"taxonomy":"category","embeddable":true,"href":"https:\/\/lavereda.com.mx\/index.php\/wp-json\/wp\/v2\/categories?post=5912"},{"taxonomy":"post_tag","embeddable":true,"href":"https:\/\/lavereda.com.mx\/index.php\/wp-json\/wp\/v2\/tags?post=5912"}],"curies":[{"name":"wp","href":"https:\/\/api.w.org\/{rel}","templated":true}]}}