{"id":5909,"date":"2024-03-18T23:48:24","date_gmt":"2024-03-18T23:48:24","guid":{"rendered":"http:\/\/lavereda.com.mx\/?p=5909"},"modified":"2024-03-18T23:48:25","modified_gmt":"2024-03-18T23:48:25","slug":"laguneras-lanzan-moneda-conmemorativa-del-eclipse","status":"publish","type":"post","link":"https:\/\/lavereda.com.mx\/index.php\/2024\/03\/18\/laguneras-lanzan-moneda-conmemorativa-del-eclipse\/","title":{"rendered":"Laguneras lanzan moneda conmemorativa del eclipse"},"content":{"rendered":"\n<p>El pr\u00f3ximo 8 de abril se vivir\u00e1 uno de los acontecimientos astron\u00f3micos m\u00e1s esperados en M\u00e9xico y el mundo, en el que Torre\u00f3n ser\u00e1 el lugar privilegiado: el Eclipse Total de Sol 2024.<\/p>\n\n\n\n<p>Para conmemorar este fen\u00f3meno \u00fanico, el Taller 201 en colaboraci\u00f3n con Bruuutal Brand presenta la Moneda Conmemorativa del Eclipse Total de Sol, una obra maestra fabricada en plata 925.<\/p>\n\n\n\n<p>El Taller 201 es un taller de dise\u00f1o y manufactura de joyer\u00eda local, que se forma con la uni\u00f3n de tres dise\u00f1adoras de joyas laguneras: Paulina Delgado, Cecilia Men\u00e9ndez y Paulina Meza.<\/p>\n\n\n\n<p>Las tres son asociadas activas de la Asociaci\u00f3n de Plata en La Laguna as\u00ed como del gremio joyero estatal, representado por la marca Coahuila 925.<\/p>\n\n\n\n<p>Las dise\u00f1adoras explicaron que: con un di\u00e1metro de 2.4 cent\u00edmetros y un grosor de 2 mil\u00edmetros, esta moneda captura la esencia y la magnificencia del eclipse.<\/p>\n\n\n\n<p>\u201cFabricada en plata 925 por esta pieza representa la excelencia artesanal de nuestra regi\u00f3n\u201d, expresaron.<\/p>\n\n\n\n<p>La Moneda Conmemorativa del Eclipse Total de Sol incluye una numeraci\u00f3n l\u00e1ser \u00fanica que garantiza su autenticidad, junto con un certificado de autenticidad y un packaging especial para resaltar su valor y significado.<\/p>\n\n\n\n<p>\u201cEs el recuerdo perfecto de este evento celestial que marcar\u00e1 nuestras vidas. La Moneda Conmemorativa del Eclipse Total de Sol, es una colaboraci\u00f3n \u00fanica entre talentos locales que celebra la grandeza del cosmos y la habilidad art\u00edstica de nuestra comunidad\u201d, expresaron las laguneras.<\/p>\n\n\n\n<p>Esta moneda est\u00e1 en preventa y para obtener m\u00e1s informaci\u00f3n y realizar pedidos, ellas invitan a visitar las redes sociales de Taller 201 o de Paulina Meza Joyer\u00eda.<\/p>\n","protected":false},"excerpt":{"rendered":"<p>El pr\u00f3ximo 8 de abril se vivir\u00e1 uno de los acontecimientos astron\u00f3micos m\u00e1s esperados en M\u00e9xico y el mundo, en el que Torre\u00f3n ser\u00e1 el lugar privilegiado: el Eclipse Total &hellip; <a href=\"https:\/\/lavereda.com.mx\/index.php\/2024\/03\/18\/laguneras-lanzan-moneda-conmemorativa-del-eclipse\/\" class=\"more-link\">Leer m\u00e1s<\/a><\/p>\n","protected":false},"author":9,"featured_media":5910,"comment_status":"open","ping_status":"open","sticky":false,"template":"","format":"standard","meta":{"footnotes":""},"categories":[3,7,18],"tags":[92,106],"class_list":["post-5909","post","type-post","status-publish","format-standard","has-post-thumbnail","hentry","category-artes-visuales","category-entretenimiento","category-lomasrelevante","tag-eclipse","tag-eclipse-2024","entry"],"_links":{"self":[{"href":"https:\/\/lavereda.com.mx\/index.php\/wp-json\/wp\/v2\/posts\/5909","targetHints":{"allow":["GET"]}}],"collection":[{"href":"https:\/\/lavereda.com.mx\/index.php\/wp-json\/wp\/v2\/posts"}],"about":[{"href":"https:\/\/lavereda.com.mx\/index.php\/wp-json\/wp\/v2\/types\/post"}],"author":[{"embeddable":true,"href":"https:\/\/lavereda.com.mx\/index.php\/wp-json\/wp\/v2\/users\/9"}],"replies":[{"embeddable":true,"href":"https:\/\/lavereda.com.mx\/index.php\/wp-json\/wp\/v2\/comments?post=5909"}],"version-history":[{"count":1,"href":"https:\/\/lavereda.com.mx\/index.php\/wp-json\/wp\/v2\/posts\/5909\/revisions"}],"predecessor-version":[{"id":5911,"href":"https:\/\/lavereda.com.mx\/index.php\/wp-json\/wp\/v2\/posts\/5909\/revisions\/5911"}],"wp:featuredmedia":[{"embeddable":true,"href":"https:\/\/lavereda.com.mx\/index.php\/wp-json\/wp\/v2\/media\/5910"}],"wp:attachment":[{"href":"https:\/\/lavereda.com.mx\/index.php\/wp-json\/wp\/v2\/media?parent=5909"}],"wp:term":[{"taxonomy":"category","embeddable":true,"href":"https:\/\/lavereda.com.mx\/index.php\/wp-json\/wp\/v2\/categories?post=5909"},{"taxonomy":"post_tag","embeddable":true,"href":"https:\/\/lavereda.com.mx\/index.php\/wp-json\/wp\/v2\/tags?post=5909"}],"curies":[{"name":"wp","href":"https:\/\/api.w.org\/{rel}","templated":true}]}}