{"id":5901,"date":"2024-03-16T21:40:56","date_gmt":"2024-03-16T21:40:56","guid":{"rendered":"http:\/\/lavereda.com.mx\/?p=5901"},"modified":"2024-03-16T21:40:57","modified_gmt":"2024-03-16T21:40:57","slug":"continua-promoviendo-un-mensaje-de-inclusion-con-su-historia-de-vida","status":"publish","type":"post","link":"https:\/\/lavereda.com.mx\/index.php\/2024\/03\/16\/continua-promoviendo-un-mensaje-de-inclusion-con-su-historia-de-vida\/","title":{"rendered":"Contin\u00faa promoviendo un mensaje de inclusi\u00f3n con su historia de vida"},"content":{"rendered":"\n<p>Daniella Giacom\u00e1n, escritora y periodista lagunera lo volvi\u00f3 a hacer: conmovi\u00f3 a su p\u00fablico y despert\u00f3 una inquietud mayor hacia la necesidad de vivir en un pa\u00eds con mayor inclusi\u00f3n y sensibilidad.<\/p>\n\n\n\n<p>Este viernes 15 de marzo se realiz\u00f3 otra presentaci\u00f3n de su libro \u201cEl milagro y la sonrisa\u201d de editorial Amonite, con los comentarios de la periodista Ver\u00f3nica Rocha y del director de bibliotecas p\u00fablicas municipales, tambi\u00e9n periodista, Juan Noe Fern\u00e1ndez.<\/p>\n\n\n\n<p>Este libro es una gran cr\u00f3nica testimonial de la vida de Daniella Giacom\u00e1n en donde narra c\u00f3mo es vivir con el S\u00edndrome de Moebius, una enfermedad catalogada como rara en la que una de sus caracter\u00edsticas es la falta de movilidad facial. Un padecimiento que afecta a una persona por cada 150 mil nacidas.<\/p>\n\n\n\n<p>En la sala de la biblioteca Jos\u00e9 Garc\u00eda de Letona, se reunieron amigas y amigos, familiares y seguidores de la historia de Dani, quien desde hace diez a\u00f1os vive en Saltillo ejerciendo su labor period\u00edstica, pero no olvida sus ra\u00edces laguneras: aqu\u00ed trabaj\u00f3 por muchos como reportera y editora.<\/p>\n\n\n\n<p>Porque a Daniella no le ha costado desplazarse en la b\u00fasqueda de una vida mejor, muchas personas le temen a la movilidad en M\u00e9xico, m\u00e1s en una profesi\u00f3n de periodista, pero ella ha ejercido en Zacatecas, Saltillo y ha vivido \u00e9pocas post operatorias en la Ciudad de M\u00e9xico.<\/p>\n\n\n\n<p>Durante la charla de ayer, la periodista Ver\u00f3nica Rocha, conductora de televisi\u00f3n y gran precursora de los derechos de las personas con discapacidad, reconoci\u00f3 la oportunidad y el valor que tuvo Daniella para contar su propia historia. Que lo haya logrado por s\u00ed misma, sin la ayuda de otros.<\/p>\n\n\n\n<p>Dijo que a este pa\u00eds le falta mucho por avanzar en el tema de la inclusi\u00f3n y dio un mensaje de cambiar la manera de ver y tratar a las personas con alguna condici\u00f3n: darles un trato compasivo, hace mucho que dej\u00f3 de ser una opci\u00f3n.<\/p>\n\n\n\n<p>Por su parte Juan No\u00e9 Fern\u00e1ndez, reconoci\u00f3 este libro como una historia de amor a la vida e invit\u00f3 a su lectura. Tanto \u00e9l como Ver\u00f3nica Rocha, tambi\u00e9n reconocieron el apoyo incondicional de la mam\u00e1 de Dani en esta historia.<\/p>\n\n\n\n<p>El libro se encuentra a la venta con env\u00edos a todo el pa\u00eds en Editorial Amonite.<\/p>\n","protected":false},"excerpt":{"rendered":"<p>Daniella Giacom\u00e1n, escritora y periodista lagunera lo volvi\u00f3 a hacer: conmovi\u00f3 a su p\u00fablico y despert\u00f3 una inquietud mayor hacia la necesidad de vivir en un pa\u00eds con mayor inclusi\u00f3n &hellip; <a href=\"https:\/\/lavereda.com.mx\/index.php\/2024\/03\/16\/continua-promoviendo-un-mensaje-de-inclusion-con-su-historia-de-vida\/\" class=\"more-link\">Leer m\u00e1s<\/a><\/p>\n","protected":false},"author":9,"featured_media":5903,"comment_status":"open","ping_status":"open","sticky":false,"template":"","format":"standard","meta":{"footnotes":""},"categories":[5,18],"tags":[],"class_list":["post-5901","post","type-post","status-publish","format-standard","has-post-thumbnail","hentry","category-letras-y-libros","category-lomasrelevante","entry"],"_links":{"self":[{"href":"https:\/\/lavereda.com.mx\/index.php\/wp-json\/wp\/v2\/posts\/5901","targetHints":{"allow":["GET"]}}],"collection":[{"href":"https:\/\/lavereda.com.mx\/index.php\/wp-json\/wp\/v2\/posts"}],"about":[{"href":"https:\/\/lavereda.com.mx\/index.php\/wp-json\/wp\/v2\/types\/post"}],"author":[{"embeddable":true,"href":"https:\/\/lavereda.com.mx\/index.php\/wp-json\/wp\/v2\/users\/9"}],"replies":[{"embeddable":true,"href":"https:\/\/lavereda.com.mx\/index.php\/wp-json\/wp\/v2\/comments?post=5901"}],"version-history":[{"count":2,"href":"https:\/\/lavereda.com.mx\/index.php\/wp-json\/wp\/v2\/posts\/5901\/revisions"}],"predecessor-version":[{"id":5904,"href":"https:\/\/lavereda.com.mx\/index.php\/wp-json\/wp\/v2\/posts\/5901\/revisions\/5904"}],"wp:featuredmedia":[{"embeddable":true,"href":"https:\/\/lavereda.com.mx\/index.php\/wp-json\/wp\/v2\/media\/5903"}],"wp:attachment":[{"href":"https:\/\/lavereda.com.mx\/index.php\/wp-json\/wp\/v2\/media?parent=5901"}],"wp:term":[{"taxonomy":"category","embeddable":true,"href":"https:\/\/lavereda.com.mx\/index.php\/wp-json\/wp\/v2\/categories?post=5901"},{"taxonomy":"post_tag","embeddable":true,"href":"https:\/\/lavereda.com.mx\/index.php\/wp-json\/wp\/v2\/tags?post=5901"}],"curies":[{"name":"wp","href":"https:\/\/api.w.org\/{rel}","templated":true}]}}