{"id":5895,"date":"2024-03-15T01:33:00","date_gmt":"2024-03-15T01:33:00","guid":{"rendered":"http:\/\/lavereda.com.mx\/?p=5895"},"modified":"2024-03-15T01:33:01","modified_gmt":"2024-03-15T01:33:01","slug":"la-galeria-de-la-ibero-exhibe-la-bienal-de-arte-nuevo","status":"publish","type":"post","link":"https:\/\/lavereda.com.mx\/index.php\/2024\/03\/15\/la-galeria-de-la-ibero-exhibe-la-bienal-de-arte-nuevo\/","title":{"rendered":"La galer\u00eda de la Ibero exhibe la Bienal de Arte Nuevo"},"content":{"rendered":"\n<p>La semana pasada lleg\u00f3 a la Galer\u00eda San Francisco de Borja SJ de la Universidad Iberoamericana Torre\u00f3n, la exposici\u00f3n de obras participantes en la XIII de la Bienal de Pl\u00e1stica Joven \u2018Arte Nuevo\u2019, un concurso de artes visuales dirigido a personas de entre 18 y 30 a\u00f1os.<\/p>\n\n\n\n<p>Esta convocatoria tiene como objetivo promover la participaci\u00f3n de la comunidad joven de los estados de Coahuila y Durango a trav\u00e9s de creaci\u00f3n de piezas art\u00edsticas en pintura, dibujo, gr\u00e1fica, fotograf\u00eda, escultura, instalaci\u00f3n y videoarte.<\/p>\n\n\n\n<p>El concurso se dividi\u00f3 en dos etapas, la primera fue la preselecci\u00f3n de obras que ahora conforman el Sal\u00f3n de la XIII edici\u00f3n de la bienal de pl\u00e1tica joven Arte Nuevo y la segunda, la selecci\u00f3n de la obra ganadora.<\/p>\n\n\n\n<p>Esta exposici\u00f3n muestra 25 obras de diversas disciplinas pl\u00e1sticas como pintura en diferentes t\u00e9cnicas, fotograf\u00eda e ilustraci\u00f3n digital, arte objeto y bordado en miniatura.<\/p>\n\n\n\n<p>El primer lugar en esta edici\u00f3n de la Bienal ha sido para Perla Mata Chairez, con su obra titulada Blanco de piedra caliza, realizada en una t\u00e9cnica de \u00f3leo y piedra caliza sobre bastidor r\u00edgido.<\/p>\n\n\n\n<p>En este certamen participan: Colectivo Punto Visual, el Instituto Municipal de Cultura y Educaci\u00f3n de Torre\u00f3n, en Centro Comercial Plaza Cuatro Caminos adem\u00e1s de la UAL, UAC, Centro Comercial Plaza Cuatro Caminos e Ibero Torre\u00f3n.<\/p>\n\n\n\n<p>La exposici\u00f3n se encuentra itinerando desde el pasado mes de octubre de 2023 que se llev\u00f3 a cabo la premiaci\u00f3n y tiene como sede temporal a la Universidad Iberoamericana del 5 de marzo al 5 de abril, en un horario de 8:00 a 20:00 horas.<\/p>\n","protected":false},"excerpt":{"rendered":"<p>La semana pasada lleg\u00f3 a la Galer\u00eda San Francisco de Borja SJ de la Universidad Iberoamericana Torre\u00f3n, la exposici\u00f3n de obras participantes en la XIII de la Bienal de Pl\u00e1stica &hellip; <a href=\"https:\/\/lavereda.com.mx\/index.php\/2024\/03\/15\/la-galeria-de-la-ibero-exhibe-la-bienal-de-arte-nuevo\/\" class=\"more-link\">Leer m\u00e1s<\/a><\/p>\n","protected":false},"author":9,"featured_media":5896,"comment_status":"open","ping_status":"open","sticky":false,"template":"","format":"standard","meta":{"footnotes":""},"categories":[3,18],"tags":[62,118,119,33],"class_list":["post-5895","post","type-post","status-publish","format-standard","has-post-thumbnail","hentry","category-artes-visuales","category-lomasrelevante","tag-arte","tag-artes-visuales","tag-ibero","tag-torreon-2","entry"],"_links":{"self":[{"href":"https:\/\/lavereda.com.mx\/index.php\/wp-json\/wp\/v2\/posts\/5895","targetHints":{"allow":["GET"]}}],"collection":[{"href":"https:\/\/lavereda.com.mx\/index.php\/wp-json\/wp\/v2\/posts"}],"about":[{"href":"https:\/\/lavereda.com.mx\/index.php\/wp-json\/wp\/v2\/types\/post"}],"author":[{"embeddable":true,"href":"https:\/\/lavereda.com.mx\/index.php\/wp-json\/wp\/v2\/users\/9"}],"replies":[{"embeddable":true,"href":"https:\/\/lavereda.com.mx\/index.php\/wp-json\/wp\/v2\/comments?post=5895"}],"version-history":[{"count":1,"href":"https:\/\/lavereda.com.mx\/index.php\/wp-json\/wp\/v2\/posts\/5895\/revisions"}],"predecessor-version":[{"id":5897,"href":"https:\/\/lavereda.com.mx\/index.php\/wp-json\/wp\/v2\/posts\/5895\/revisions\/5897"}],"wp:featuredmedia":[{"embeddable":true,"href":"https:\/\/lavereda.com.mx\/index.php\/wp-json\/wp\/v2\/media\/5896"}],"wp:attachment":[{"href":"https:\/\/lavereda.com.mx\/index.php\/wp-json\/wp\/v2\/media?parent=5895"}],"wp:term":[{"taxonomy":"category","embeddable":true,"href":"https:\/\/lavereda.com.mx\/index.php\/wp-json\/wp\/v2\/categories?post=5895"},{"taxonomy":"post_tag","embeddable":true,"href":"https:\/\/lavereda.com.mx\/index.php\/wp-json\/wp\/v2\/tags?post=5895"}],"curies":[{"name":"wp","href":"https:\/\/api.w.org\/{rel}","templated":true}]}}