{"id":5878,"date":"2024-03-10T01:29:33","date_gmt":"2024-03-10T01:29:33","guid":{"rendered":"http:\/\/lavereda.com.mx\/?p=5878"},"modified":"2024-03-10T01:29:33","modified_gmt":"2024-03-10T01:29:33","slug":"presentan-concierto-para-una-causa-artistica","status":"publish","type":"post","link":"https:\/\/lavereda.com.mx\/index.php\/2024\/03\/10\/presentan-concierto-para-una-causa-artistica\/","title":{"rendered":"Presentan concierto para una causa art\u00edstica"},"content":{"rendered":"\n<p>El joven lagunero Rodolfo N\u00e1jera fue aceptado recientemente en la Universidad de Artes de Madrid, Espa\u00f1a; para estudiar un Master en Teatro Musical. Con el objetivo de financiar sus estudios, presentar\u00e1 un concierto con artistas laguneros, el pr\u00f3ximo 13 de marzo a las 19:30 horas en el Teatro Isauro Mart\u00ednez.<\/p>\n\n\n\n<p>El evento de recaudaci\u00f3n de fondos art\u00edsticos, incluir\u00e1 g\u00e9neros como Rock, Pop, Cabaret, Flamenco, Electr\u00f3nica, Funk, Techno, Balada, \u00d3pera, entre otros. Participar\u00e1n bailarines, la Banda local \u00abVowels\u00bb, Talentos y Arte 4 teatro musical.<\/p>\n\n\n\n<p>Los cantantes y artistas que participan son: Rodolfo N\u00e1jera, Irving Delgadillo, Carlos Sherek, Denise Gonz\u00e1lez, Ang\u00e9lica Mart\u00ednez, Alejandro Estebanes, Vowels.<\/p>\n\n\n\n<p>Se contar\u00e1 con los m\u00fasicos: Paco Cuevas, Eder Olivas, Juan Pablo Olvera, Carlos Morill\u00f3n y Fernando Salazar.<\/p>\n\n\n\n<p>Como bailarines participar\u00e1n la Compa\u00f1\u00eda Javo Banda y Javo Banda Academia de Danza., Ariadna Mildred Hern\u00e1ndez, Karina Rodr\u00edguez, Daniela Flores, Erick Valdiviezo, Hanzel Coronado, Carlos Valencia, Jes\u00fas Ram\u00edrez y Rodolfo N\u00e1jera Ruelas.&nbsp;<\/p>\n\n\n\n<p>La Direcci\u00f3n general y producci\u00f3n es de Adwin (nombre art\u00edstico) de Rodolfo N\u00e1jera. El costo de la entrada es de $250.<\/p>\n\n\n\n<p><strong>TRAYECTORIA<\/strong><\/p>\n\n\n\n<p>Rodolfo N\u00e1jera Ruelas. Nombre art\u00edstico \u201cAdwin\u201d. Nacido el 20 de mayo de 1999 en Torre\u00f3n Coahuila, M\u00e9xico. Es m\u00fasico, actor, cantante, bailar\u00edn, productor, escritor, docente art\u00edstico y licenciado en derecho. <\/p>\n\n\n\n<p>Cuenta con m\u00e1s de 15 a\u00f1os de experiencia en el medio art\u00edstico y dos producciones independientes como el concierto \u201cm\u00fasica a trav\u00e9s del tiempo\u201d con la banda Refleks &amp; Arts y \u201cAdwin el hombre del piano\u201d. <\/p>\n\n\n\n<p>Ha participado en castings a nivel nacional como \u201cLa Academia\u201d para TV Azteca y en la empresa \u201cOCESA\u201d de teatro musical en M\u00e9xico, tambi\u00e9n ha participado en un reality show local llamado \u201cEl duelo es Canto\u201d . <\/p>\n\n\n\n<p>Asimismo ha sido integrante de diversos colectivos y compa\u00f1\u00edas de teatro en la regi\u00f3n. Tambi\u00e9n, ha trabajado y colaborado con grupos de eventos sociales como \u201cCadenzza Feel the music\u201d \u201cTres tiempos\u201d \u201cBlanco y negro\u201d \u201cVox Music\u201d y actualmente trabaja en el grupo \u201cAire\u201d y \u201cLa caries producciones\u201d.<\/p>\n","protected":false},"excerpt":{"rendered":"<p>El joven lagunero Rodolfo N\u00e1jera fue aceptado recientemente en la Universidad de Artes de Madrid, Espa\u00f1a; para estudiar un Master en Teatro Musical. Con el objetivo de financiar sus estudios, &hellip; <a href=\"https:\/\/lavereda.com.mx\/index.php\/2024\/03\/10\/presentan-concierto-para-una-causa-artistica\/\" class=\"more-link\">Leer m\u00e1s<\/a><\/p>\n","protected":false},"author":9,"featured_media":5880,"comment_status":"open","ping_status":"open","sticky":false,"template":"","format":"standard","meta":{"footnotes":""},"categories":[2,18,4],"tags":[],"class_list":["post-5878","post","type-post","status-publish","format-standard","has-post-thumbnail","hentry","category-artes-escenicas","category-lomasrelevante","category-musica","entry"],"_links":{"self":[{"href":"https:\/\/lavereda.com.mx\/index.php\/wp-json\/wp\/v2\/posts\/5878","targetHints":{"allow":["GET"]}}],"collection":[{"href":"https:\/\/lavereda.com.mx\/index.php\/wp-json\/wp\/v2\/posts"}],"about":[{"href":"https:\/\/lavereda.com.mx\/index.php\/wp-json\/wp\/v2\/types\/post"}],"author":[{"embeddable":true,"href":"https:\/\/lavereda.com.mx\/index.php\/wp-json\/wp\/v2\/users\/9"}],"replies":[{"embeddable":true,"href":"https:\/\/lavereda.com.mx\/index.php\/wp-json\/wp\/v2\/comments?post=5878"}],"version-history":[{"count":2,"href":"https:\/\/lavereda.com.mx\/index.php\/wp-json\/wp\/v2\/posts\/5878\/revisions"}],"predecessor-version":[{"id":5881,"href":"https:\/\/lavereda.com.mx\/index.php\/wp-json\/wp\/v2\/posts\/5878\/revisions\/5881"}],"wp:featuredmedia":[{"embeddable":true,"href":"https:\/\/lavereda.com.mx\/index.php\/wp-json\/wp\/v2\/media\/5880"}],"wp:attachment":[{"href":"https:\/\/lavereda.com.mx\/index.php\/wp-json\/wp\/v2\/media?parent=5878"}],"wp:term":[{"taxonomy":"category","embeddable":true,"href":"https:\/\/lavereda.com.mx\/index.php\/wp-json\/wp\/v2\/categories?post=5878"},{"taxonomy":"post_tag","embeddable":true,"href":"https:\/\/lavereda.com.mx\/index.php\/wp-json\/wp\/v2\/tags?post=5878"}],"curies":[{"name":"wp","href":"https:\/\/api.w.org\/{rel}","templated":true}]}}