{"id":5872,"date":"2024-03-06T17:46:54","date_gmt":"2024-03-06T17:46:54","guid":{"rendered":"http:\/\/lavereda.com.mx\/?p=5872"},"modified":"2024-03-06T17:46:54","modified_gmt":"2024-03-06T17:46:54","slug":"periodistas-laguneras-se-reunen-en-la-semana-del-dia-de-la-mujer","status":"publish","type":"post","link":"https:\/\/lavereda.com.mx\/index.php\/2024\/03\/06\/periodistas-laguneras-se-reunen-en-la-semana-del-dia-de-la-mujer\/","title":{"rendered":"Periodistas laguneras se re\u00fanen en la semana del D\u00eda de la Mujer"},"content":{"rendered":"\n<p>En el marco de la semana del D\u00eda Internacional de la Mujer, este jueves 7 de marzo se presentar\u00e1 nuevamente el libro \u201cS\u00ed, somos periodistas, voces&nbsp;de&nbsp;31 comunicadoras laguneras\u201d, en las instalaciones del Archivo Municipal de Torre\u00f3n, a las 19:00 horas.<\/p>\n\n\n\n<p>Los comentarios estar\u00e1n a cargo de Adriana Vargas Flores, Jessica Ayala Barbosa, Mar\u00eda del Socorro Mu\u00f1oz Verdeja y Juan No\u00e9 Fern\u00e1ndez Andrade.&nbsp;<\/p>\n\n\n\n<p>Adem\u00e1s, Andrea Hern\u00e1ndez Gonz\u00e1lez, directora del Instituto Municipal&nbsp;de&nbsp;la Mujer, dar\u00e1 un mensaje especial con la relaci\u00f3n a la importancia sociocultural de la conmemoraci\u00f3n del 8 de marzo (8M)<\/p>\n\n\n\n<p>Balbina Flores Mart\u00ednez, quien prolog\u00f3 este proyecto editorial, dice que este libro es un espejo del periodismo en La Laguna de Coahuila y Durango, que da voz a una muestra significativa de mujeres periodistas de diversas edades, medios y experiencias en esta regi\u00f3n y, como dice su autor, \u201ces un homenaje a ellas\u201d, a aquellas mujeres que han desempe\u00f1ado su labor como periodistas desde una visi\u00f3n de servicio a la sociedad y que han dado voz a quienes no la tienen desde los distintos medios donde laboran.&nbsp;<\/p>\n\n\n\n<p>\u201cEs un gran acierto que esta propuesta recopile las voces de las mujeres periodistas de la regi\u00f3n en la que hablan de sus experiencias en su encuentro con el periodismo en la Comarca Lagunera, c\u00f3mo y por qu\u00e9 se enamoraron de esta profesi\u00f3n y cu\u00e1les han sido sus vivencias en esta tarea nada f\u00e1cil para ellas que tuvieron que tejer su propio camino en un gremio dominado principalmente por hombres. No sin los obst\u00e1culos, temores y miedos que muchas enfrentaron en sus coberturas informativas al iniciar el ejercicio de su labor period\u00edstica\u201d, expres\u00f3.<\/p>\n","protected":false},"excerpt":{"rendered":"<p>En el marco de la semana del D\u00eda Internacional de la Mujer, este jueves 7 de marzo se presentar\u00e1 nuevamente el libro \u201cS\u00ed, somos periodistas, voces&nbsp;de&nbsp;31 comunicadoras laguneras\u201d, en las &hellip; <a href=\"https:\/\/lavereda.com.mx\/index.php\/2024\/03\/06\/periodistas-laguneras-se-reunen-en-la-semana-del-dia-de-la-mujer\/\" class=\"more-link\">Leer m\u00e1s<\/a><\/p>\n","protected":false},"author":9,"featured_media":5873,"comment_status":"open","ping_status":"open","sticky":false,"template":"","format":"standard","meta":{"footnotes":""},"categories":[5,18],"tags":[114,115],"class_list":["post-5872","post","type-post","status-publish","format-standard","has-post-thumbnail","hentry","category-letras-y-libros","category-lomasrelevante","tag-dia-de-la-mujer","tag-periodistas","entry"],"_links":{"self":[{"href":"https:\/\/lavereda.com.mx\/index.php\/wp-json\/wp\/v2\/posts\/5872","targetHints":{"allow":["GET"]}}],"collection":[{"href":"https:\/\/lavereda.com.mx\/index.php\/wp-json\/wp\/v2\/posts"}],"about":[{"href":"https:\/\/lavereda.com.mx\/index.php\/wp-json\/wp\/v2\/types\/post"}],"author":[{"embeddable":true,"href":"https:\/\/lavereda.com.mx\/index.php\/wp-json\/wp\/v2\/users\/9"}],"replies":[{"embeddable":true,"href":"https:\/\/lavereda.com.mx\/index.php\/wp-json\/wp\/v2\/comments?post=5872"}],"version-history":[{"count":1,"href":"https:\/\/lavereda.com.mx\/index.php\/wp-json\/wp\/v2\/posts\/5872\/revisions"}],"predecessor-version":[{"id":5874,"href":"https:\/\/lavereda.com.mx\/index.php\/wp-json\/wp\/v2\/posts\/5872\/revisions\/5874"}],"wp:featuredmedia":[{"embeddable":true,"href":"https:\/\/lavereda.com.mx\/index.php\/wp-json\/wp\/v2\/media\/5873"}],"wp:attachment":[{"href":"https:\/\/lavereda.com.mx\/index.php\/wp-json\/wp\/v2\/media?parent=5872"}],"wp:term":[{"taxonomy":"category","embeddable":true,"href":"https:\/\/lavereda.com.mx\/index.php\/wp-json\/wp\/v2\/categories?post=5872"},{"taxonomy":"post_tag","embeddable":true,"href":"https:\/\/lavereda.com.mx\/index.php\/wp-json\/wp\/v2\/tags?post=5872"}],"curies":[{"name":"wp","href":"https:\/\/api.w.org\/{rel}","templated":true}]}}