{"id":5861,"date":"2024-03-01T18:13:10","date_gmt":"2024-03-01T18:13:10","guid":{"rendered":"http:\/\/lavereda.com.mx\/?p=5861"},"modified":"2024-03-02T02:30:00","modified_gmt":"2024-03-02T02:30:00","slug":"el-humor-un-arma-para-humanizarnos-ante-la-tragedia-carlos-velazquez","status":"publish","type":"post","link":"https:\/\/lavereda.com.mx\/index.php\/2024\/03\/01\/el-humor-un-arma-para-humanizarnos-ante-la-tragedia-carlos-velazquez\/","title":{"rendered":"\u201cEl humor, un arma para humanizarnos ante la tragedia\u201d: Carlos Vel\u00e1zquez"},"content":{"rendered":"\n<p>A Carlos Vel\u00e1zquez se le define&nbsp;como un caso particular en la literatura contempor\u00e1nea de M\u00e9xico. Originario de Torre\u00f3n, en el norte del pa\u00eds, ha capturado la esencia de esta regi\u00f3n a trav\u00e9s de su escritura \u00fanica y provocadora.&nbsp;<\/p>\n\n\n\n<p>Editorial Oce\u00e1no ha publicado su m\u00e1s reciente libro de cuentos \u201cEl Menonita Zen\u201d, integrado&nbsp;por&nbsp;siete relatos atravesado por la m\u00fasica y por las obsesiones que pueblan su universo.<\/p>\n\n\n\n<p>El autor convers\u00f3 con&nbsp;<em>La Vereda<\/em>, desde Texas, donde realiza una estancia literaria y prepara su siguiente proyecto. Se le escucha como un autor realizado, pero sobre todo, como un lagunero sincero y sin tapujos.<\/p>\n\n\n\n<p><strong><em>Sabemos que parte de tu literatura se ha nutrido de la cultura y la realidad del norte del pa\u00eds, \u00bfeste libro tiene otras geograf\u00edas de inspiraci\u00f3n?<\/em><\/strong><\/p>\n\n\n\n<p>\u201cDesde 2008 que fue cuando sali\u00f3 la primera edici\u00f3n de la&nbsp;<em>Biblia Vaquera<\/em>, empec\u00e9 a viajar a Ciudad de M\u00e9xico, he entablado una relaci\u00f3n muy estrecha con la ciudad, la ciudad del movimiento rockero perpetuo, he hecho mucho turismo musical, adem\u00e1s de eso empec\u00e9 a desenvolverme en la ciudad, empec\u00e9 a cosechar amistades, que me ense\u00f1aron las entra\u00f1as de la ciudad\u2026<\/p>\n\n\n\n<p>He ido con muchos chilangos y los he llevado a visitar lugares que mucha gente de ah\u00ed no conoce, uno que va de nini, tiene todo el tiempo para andar dando vueltas. La Ciudad de M\u00e9xico empieza a aparecer en mis cr\u00f3nicas desde 2010 y en la ficci\u00f3n desde&nbsp;<em>La Efeba salvaje<\/em>.<\/p>\n\n\n\n<p>Como narrador, independientemente de donde uno nazca, no est\u00e1 suscrito a ning\u00fan territorio.<\/p>\n\n\n\n<p>En El Menonita Zen, hay un cuento que ocurre en Ciudad Ju\u00e1rez. Es una ciudad que he visitado mucho, me parec\u00eda un territorio literario rico para explorarse.<\/p>\n\n\n\n<p>Es imposible que las ciudades no te contaminen, el norte como territorio literario es inagotable, pero no me cas\u00e9 con la idea de escribir del norte.<\/p>\n\n\n\n<blockquote class=\"wp-block-quote is-layout-flow wp-block-quote-is-layout-flow\">\n<p>El norte es entendido como provincia, pero se magnific\u00f3 como territorio literario, mi visi\u00f3n ha sido que a pesar que haya nacido en una ciudad peque\u00f1a como Torre\u00f3n, es no tener una visi\u00f3n provinciana de la literatura, como le ocurre a muchos autores\u201d.<\/p>\n<\/blockquote>\n\n\n\n<p><strong><em>\u00bfC\u00f3mo decidiste explorar el humor en una literatura que refleja temas tan fuertes, como el suicidio por ejemplo?<\/em><\/strong><\/p>\n\n\n\n<p>\u201cEl humor es un arma muy importante para humanizar a los personajes y a nosotros ante la tragedia. Cuando yo llegu\u00e9 a la escritura, la literatura del narco estaba en su propio auge, era una manera muy llana simplificar el norte. Una manera muy pobre de definir lo que ocurr\u00eda.<\/p>\n\n\n\n<p>Hab\u00eda una problem\u00e1tica de la literatura mexicana de las d\u00e9cadas pasadas, una solemnidad a ultranza, muy preocupada por no transgredir los l\u00edmites de la alta cultura, excepto en autores como Jos\u00e9 Agust\u00edn, de quien pude advertir que la literatura era tambi\u00e9n un divertimento.<\/p>\n\n\n\n<p>La manera de humanizar a los personajes es trat\u00e1ndolos con las pinzas del humor,&nbsp;yo quer\u00eda escapar de esa solemnidad, de una visi\u00f3n unidimensional del norte, la salida que encontr\u00e9 fue en la comedia, no tiene que ver con la comedia del cine, de la televisi\u00f3n, viene de c\u00f3mo he visto el mundo. Hay cosas que se van paliando a trav\u00e9s de la risa\u2026\u201d&nbsp;<\/p>\n\n\n\n<p><strong>Cu\u00e9ntame del proceso de escritura de este libro \u00bfd\u00f3nde y c\u00f3mo surgi\u00f3?<\/strong><\/p>\n\n\n\n<p>\u201cSuelo escribir libros de cuentos en el periodo de un a\u00f1o o de a\u00f1o y medio, este libro en particular me llev\u00f3 cuatro a\u00f1os, lo empec\u00e9 a finales del 2018. Este tiene 272 p\u00e1ginas y segu\u00eda creciendo.<\/p>\n\n\n\n<p>Los cuentos abarcan muchas tem\u00e1ticas, por lo regular se ci\u00f1en m\u00e1s a un mismo tono, un mismo esp\u00edritu, me gust\u00f3 que daban un efecto muy particular\u201d.<\/p>\n\n\n\n<p><strong>\u00bfEl t\u00edtulo El Menonita Zen se debe a que es el mejor cuento del libro?<\/strong><\/p>\n\n\n\n<p>\u201cEs el mejor cuento del libro. Lo que tiene este cuento es que en principio siempre le estoy huyendo a la violencia, a escribir del narco, de la polic\u00eda. Siempre quise escribir un cuento fronterizo, no quer\u00eda caer en el tema de los desaparecidos e indocumentados, quise darle la vuelta a todo eso y escribir un cuento sobre la frontera con un esp\u00edritu distinto, llevarlo hacia el otro extremo.&nbsp;<\/p>\n\n\n\n<p>Lo contrario a la violencia, es la paz espiritual. Un cierto grado de pureza es un menonita, una comunidad apartada, apegada a sus pr\u00e1cticas, entonces pens\u00e9 sacar al menonita de su zona de confort, llevarlo a la paz espiritual, en un escenario junto a un indocumentado\u2026 Los personajes olvidan que est\u00e1n en un territorio agreste, de los m\u00e1s peligrosos del planeta\u201d.<\/p>\n\n\n\n<figure class=\"wp-block-image size-large is-resized\"><img fetchpriority=\"high\" decoding=\"async\" width=\"663\" height=\"1024\" src=\"https:\/\/lavereda.com.mx\/wp-content\/uploads\/2024\/03\/El-menonita-zen-663x1024.jpg\" alt=\"\" class=\"wp-image-5862\" style=\"width:430px;height:auto\" srcset=\"https:\/\/lavereda.com.mx\/wp-content\/uploads\/2024\/03\/El-menonita-zen-663x1024.jpg 663w, https:\/\/lavereda.com.mx\/wp-content\/uploads\/2024\/03\/El-menonita-zen-194x300.jpg 194w, https:\/\/lavereda.com.mx\/wp-content\/uploads\/2024\/03\/El-menonita-zen-768x1187.jpg 768w, https:\/\/lavereda.com.mx\/wp-content\/uploads\/2024\/03\/El-menonita-zen-994x1536.jpg 994w, https:\/\/lavereda.com.mx\/wp-content\/uploads\/2024\/03\/El-menonita-zen.jpg 1000w\" sizes=\"(max-width: 663px) 100vw, 663px\" \/><\/figure>\n\n\n\n<p><\/p>\n\n\n\n<p><strong><em>\u00bfDir\u00edas que este es tu mejor o m\u00e1s importante libro de cuentos?<\/em><\/strong><\/p>\n\n\n\n<p>\u00abNo s\u00e9 si podr\u00eda decir eso, porque para m\u00ed y para algunos de los cuentistas, el mejor libro de relatos es el que est\u00e1s escribiendo, es el pr\u00f3ximo, pero hay cosas en este libro que me gustan mucho, me gusta la estructura que tiene, cada historia tiene algo, creo que este libro es un poco la recompensa, por haber insistido en el g\u00e9nero tantos a\u00f1os\u00bb.<\/p>\n\n\n\n<p><strong><em>\u00bfQu\u00e9 significa para ti, siendo un autor del norte, que tus libros se vendan y sean le\u00eddos a nivel nacional?<\/em><\/strong><\/p>\n\n\n\n<p>\u201cEst\u00e1 uno tan concentrado en el trabajo, que no te puedes detener a pensar en lo que est\u00e1 ocurriendo, tienes que seguir trabajando, cuando empec\u00e9 a escribir no imagin\u00e9 que fuera ser reconocido en el centro y fuera de \u00e9l, porque toda la recepci\u00f3n cr\u00edtica se filtra a trav\u00e9s del centro.<\/p>\n\n\n\n<p>Por la preocupaci\u00f3n est\u00e9tica que tiene uno como autor, todo lo dem\u00e1s viene por a\u00f1adidura, cuando tienes la dimensi\u00f3n, las cosas empiezan a suceder. Ser escritor exige mucha autocr\u00edtica, uno tiene que estar dispuesto a recibir golpes, cuando no hay rigor es dif\u00edcil que llegues a tener \u00e9xito\u201d.<\/p>\n\n\n\n<p><strong><em>\u00bfDec\u00edas que El Menonita Zen es el mejor cuento, pero \u00bfcu\u00e1l es el que m\u00e1s te gust\u00f3 escribir?<\/em><\/strong><\/p>\n\n\n\n<p>\u201cEl que m\u00e1s disfrut\u00e9 escribir es&nbsp;<em>La fitness montacerdos<\/em>. Es un relato que tambi\u00e9n tiene una particularidad dentro de mi obra porque son 60 p\u00e1ginas, nunca hab\u00eda escrito algo tan largo, habl\u00e9 con el editor pensando que ser\u00eda necesario hacer una gran purga, pero me dijo que no hab\u00eda que moverle demasiado, porque flu\u00eda muy bien\u201d.<\/p>\n\n\n\n<p>Por \u00faltimo, el autor comparti\u00f3 que Editorial Oc\u00e9ano va a reeditar todos sus libros anteriores y publicar\u00e1 uno nuevo en agosto de 2024, dentro de la colecci\u00f3n particular llamada \u201cBiblioteca Carlos Vel\u00e1zquez\u201d.<\/p>\n","protected":false},"excerpt":{"rendered":"<p>A Carlos Vel\u00e1zquez se le define&nbsp;como un caso particular en la literatura contempor\u00e1nea de M\u00e9xico. Originario de Torre\u00f3n, en el norte del pa\u00eds, ha capturado la esencia de esta regi\u00f3n &hellip; <a href=\"https:\/\/lavereda.com.mx\/index.php\/2024\/03\/01\/el-humor-un-arma-para-humanizarnos-ante-la-tragedia-carlos-velazquez\/\" class=\"more-link\">Leer m\u00e1s<\/a><\/p>\n","protected":false},"author":9,"featured_media":5863,"comment_status":"open","ping_status":"open","sticky":false,"template":"","format":"standard","meta":{"footnotes":""},"categories":[5,18],"tags":[113,111,32,30],"class_list":["post-5861","post","type-post","status-publish","format-standard","has-post-thumbnail","hentry","category-letras-y-libros","category-lomasrelevante","tag-carlos-velazquez","tag-el-menonita-zen","tag-literatura","tag-torreon","entry"],"_links":{"self":[{"href":"https:\/\/lavereda.com.mx\/index.php\/wp-json\/wp\/v2\/posts\/5861","targetHints":{"allow":["GET"]}}],"collection":[{"href":"https:\/\/lavereda.com.mx\/index.php\/wp-json\/wp\/v2\/posts"}],"about":[{"href":"https:\/\/lavereda.com.mx\/index.php\/wp-json\/wp\/v2\/types\/post"}],"author":[{"embeddable":true,"href":"https:\/\/lavereda.com.mx\/index.php\/wp-json\/wp\/v2\/users\/9"}],"replies":[{"embeddable":true,"href":"https:\/\/lavereda.com.mx\/index.php\/wp-json\/wp\/v2\/comments?post=5861"}],"version-history":[{"count":5,"href":"https:\/\/lavereda.com.mx\/index.php\/wp-json\/wp\/v2\/posts\/5861\/revisions"}],"predecessor-version":[{"id":5871,"href":"https:\/\/lavereda.com.mx\/index.php\/wp-json\/wp\/v2\/posts\/5861\/revisions\/5871"}],"wp:featuredmedia":[{"embeddable":true,"href":"https:\/\/lavereda.com.mx\/index.php\/wp-json\/wp\/v2\/media\/5863"}],"wp:attachment":[{"href":"https:\/\/lavereda.com.mx\/index.php\/wp-json\/wp\/v2\/media?parent=5861"}],"wp:term":[{"taxonomy":"category","embeddable":true,"href":"https:\/\/lavereda.com.mx\/index.php\/wp-json\/wp\/v2\/categories?post=5861"},{"taxonomy":"post_tag","embeddable":true,"href":"https:\/\/lavereda.com.mx\/index.php\/wp-json\/wp\/v2\/tags?post=5861"}],"curies":[{"name":"wp","href":"https:\/\/api.w.org\/{rel}","templated":true}]}}