{"id":5858,"date":"2024-03-01T00:39:19","date_gmt":"2024-03-01T00:39:19","guid":{"rendered":"http:\/\/lavereda.com.mx\/?p=5858"},"modified":"2024-03-01T00:39:20","modified_gmt":"2024-03-01T00:39:20","slug":"brasil-y-oaxaca-invitados-de-honor-al-52-festival-internacional-cervantino","status":"publish","type":"post","link":"https:\/\/lavereda.com.mx\/index.php\/2024\/03\/01\/brasil-y-oaxaca-invitados-de-honor-al-52-festival-internacional-cervantino\/","title":{"rendered":"Brasil y Oaxaca, invitados de honor al 52 Festival Internacional Cervantino"},"content":{"rendered":"\n<p>Para celebrar su edici\u00f3n 52, el Festival Internacional Cervantino (FIC) prepara una gran fiesta junto a Brasil y Oaxaca como pa\u00eds y estado invitados de honor, respectivamente, quienes ofrecer\u00e1n una muestra de su gran diversidad cultural y art\u00edstica del 11 al 27 de octubre de 2024, en Guanajuato<\/p>\n\n\n\n<p>\u201cGuanajuato se vuelve a llenar de lo que me gusta llamar la fiesta de la libertad, porque no existe un mejor camino para la libertad que el arte y la cultura\u2026 Imaginamos este di\u00e1logo que se puede hacer entre las m\u00fasicas, entre los bailes y entre lo ritual; entre aquello que nos lleva a celebrar la vida. La Guelaguetza es la fiesta del agradecimiento por la siembra, la vida, lo que se cosecha. El carnaval tambi\u00e9n es una manera de hacer una petici\u00f3n para la vida, imaginen ustedes una Guelaguetza y un carnaval juntos en las calles de Guanajuato, pues as\u00ed m\u00e1s o menos estamos imaginando este festival\u201d, coment\u00f3 la secretaria de cultura, Alejandra Frausto.<\/p>\n\n\n\n<p>Sobre la invitaci\u00f3n a Brasil, destac\u00f3 que se da como parte de las acciones para conmemorar las relaciones diplom\u00e1ticas entre ambos pa\u00edses. \u201cSon 190 a\u00f1os de amistad\u2026 Brasil es tambi\u00e9n uno de los pa\u00edses con mayor diversidad cultural, con una diversidad tambi\u00e9n biol\u00f3gica extraordinaria. Normalmente los pa\u00edses que tienen esta riqueza biocultural son potencias en las manifestaciones art\u00edsticas\u201d.<\/p>\n\n\n\n<p>As\u00ed, en 2024 se celebra el A\u00f1o Dual \u00abPresencia de M\u00e9xico en Brasil y de Brasil en M\u00e9xico\u00bb, en conmemoraci\u00f3n del 190 aniversario del establecimiento de relaciones diplom\u00e1ticas bilaterales entre ambos pa\u00edses, momento de reconocimiento mutuo en la riqueza y diversidad cultural. Entre la programaci\u00f3n se encuentra el cine, teatro, m\u00fasica, artes pl\u00e1sticas y m\u00e1s.<\/p>\n\n\n\n<p>En la edici\u00f3n 52 de la Fiesta del esp\u00edritu podremos transitar por Oaxaca, la tierra del sol y sus ocho regiones; sus sabores que van entre moles, chocolates y mezcales; sus danzas, sus pueblos y lenguas originarias, adem\u00e1s de compartir con M\u00e9xico el talento destacado de sus poetas, cocineras tradicionales, as\u00ed como artistas pl\u00e1sticos, as\u00ed como en ediciones anteriores lo han hecho Aguascalientes, Baja California, Campeche, Chiapas, Chihuahua, Ciudad de M\u00e9xico, Estado de M\u00e9xico, Guerrero, Jalisco, Michoac\u00e1n, Morelos, Nayarit, Nuevo Le\u00f3n, Puebla, Quer\u00e9taro, San Luis Potos\u00ed, Sinaloa, Sonora, Tamaulipas, Veracruz, Yucat\u00e1n y Zacatecas.<\/p>\n\n\n\n<p>Durante el evento, realizado en el Lunario del Auditorio Nacional, se anunci\u00f3 que el 29 de febrero de 2024 se dar\u00e1 a conocer la convocatoria de imagen que vestir\u00e1 la edici\u00f3n 52 del Festival Internacional Cervantino.<\/p>\n\n\n\n<p><\/p>\n\n\n\n<p><\/p>\n\n\n\n<p><\/p>\n\n\n\n<p><\/p>\n","protected":false},"excerpt":{"rendered":"<p>Para celebrar su edici\u00f3n 52, el Festival Internacional Cervantino (FIC) prepara una gran fiesta junto a Brasil y Oaxaca como pa\u00eds y estado invitados de honor, respectivamente, quienes ofrecer\u00e1n una &hellip; <a href=\"https:\/\/lavereda.com.mx\/index.php\/2024\/03\/01\/brasil-y-oaxaca-invitados-de-honor-al-52-festival-internacional-cervantino\/\" class=\"more-link\">Leer m\u00e1s<\/a><\/p>\n","protected":false},"author":1,"featured_media":5859,"comment_status":"open","ping_status":"open","sticky":false,"template":"","format":"standard","meta":{"footnotes":""},"categories":[2,18],"tags":[110],"class_list":["post-5858","post","type-post","status-publish","format-standard","has-post-thumbnail","hentry","category-artes-escenicas","category-lomasrelevante","tag-cervantino","entry"],"_links":{"self":[{"href":"https:\/\/lavereda.com.mx\/index.php\/wp-json\/wp\/v2\/posts\/5858","targetHints":{"allow":["GET"]}}],"collection":[{"href":"https:\/\/lavereda.com.mx\/index.php\/wp-json\/wp\/v2\/posts"}],"about":[{"href":"https:\/\/lavereda.com.mx\/index.php\/wp-json\/wp\/v2\/types\/post"}],"author":[{"embeddable":true,"href":"https:\/\/lavereda.com.mx\/index.php\/wp-json\/wp\/v2\/users\/1"}],"replies":[{"embeddable":true,"href":"https:\/\/lavereda.com.mx\/index.php\/wp-json\/wp\/v2\/comments?post=5858"}],"version-history":[{"count":1,"href":"https:\/\/lavereda.com.mx\/index.php\/wp-json\/wp\/v2\/posts\/5858\/revisions"}],"predecessor-version":[{"id":5860,"href":"https:\/\/lavereda.com.mx\/index.php\/wp-json\/wp\/v2\/posts\/5858\/revisions\/5860"}],"wp:featuredmedia":[{"embeddable":true,"href":"https:\/\/lavereda.com.mx\/index.php\/wp-json\/wp\/v2\/media\/5859"}],"wp:attachment":[{"href":"https:\/\/lavereda.com.mx\/index.php\/wp-json\/wp\/v2\/media?parent=5858"}],"wp:term":[{"taxonomy":"category","embeddable":true,"href":"https:\/\/lavereda.com.mx\/index.php\/wp-json\/wp\/v2\/categories?post=5858"},{"taxonomy":"post_tag","embeddable":true,"href":"https:\/\/lavereda.com.mx\/index.php\/wp-json\/wp\/v2\/tags?post=5858"}],"curies":[{"name":"wp","href":"https:\/\/api.w.org\/{rel}","templated":true}]}}