{"id":5850,"date":"2024-02-29T16:03:06","date_gmt":"2024-02-29T16:03:06","guid":{"rendered":"http:\/\/lavereda.com.mx\/?p=5850"},"modified":"2024-02-29T22:20:21","modified_gmt":"2024-02-29T22:20:21","slug":"angel-jacquez-el-hilo-fantasma-de-una-pasion","status":"publish","type":"post","link":"https:\/\/lavereda.com.mx\/index.php\/2024\/02\/29\/angel-jacquez-el-hilo-fantasma-de-una-pasion\/","title":{"rendered":"\u00c1ngel Jacquez: El hilo fantasma de una pasi\u00f3n"},"content":{"rendered":"\n<p>Una de las principales fuentes de inspiraci\u00f3n en el proceso creativo de la dise\u00f1adora de moda \u00c1ngel Jacquez es la m\u00fasica de Goran Bregovi\u0107, sobre todo a partir de la pel\u00edcula&nbsp;<em>Underground<\/em>&nbsp;(1995), del director Emir Kusturica, quien tambi\u00e9n dirigi\u00f3&nbsp;<em>El tiempo de los gitanos&nbsp;<\/em>(1988).&nbsp;<\/p>\n\n\n\n<p>El pr\u00f3ximo viernes 1 de marzo en las instalaciones de Casa Mud\u00e9jar se presentar\u00e1:&nbsp;<strong><em>Ederlezi\u2026 A finales de invierno<\/em><\/strong>, un espect\u00e1culo que combinar\u00e1 m\u00fasica, performance, danza contempor\u00e1nea y pasarela, que oscila entre la tradici\u00f3n roman\u00ed de los Balcanes y la subcultura cyber-punk.&nbsp;<\/p>\n\n\n\n<p>Este es el segundo proyecto de \u00c1ngel Jacquez quien en mayo de 2023 mont\u00f3&nbsp;<em>Cinema Pasarela<\/em>, un concepto basado en la est\u00e9tica del cine de los cuarenta y cincuenta en el que logr\u00f3 conjuntar de forma org\u00e1nica mundos que, aparentemente, se encuentran en las ant\u00edpodas de sus respectivos discursos, es decir, el arte y la moda.<\/p>\n\n\n\n<p>En su libro&nbsp;<em>M\u00e1s all\u00e1 del espacio vac\u00edo. Escritos sobre teatro, cine y \u00f3pera 1947-<\/em>1987, el c\u00e9lebre director ingl\u00e9s Peter Brook dice que: \u201cUna obra en escena es una serie de impresiones; peque\u00f1os est\u00edmulos, uno tras otro; fragmentos de informaciones, de sentimientos, de sensaciones, agrupados de manera secuencial para sacudir la percepci\u00f3n del espectador. Una obra es buena cuando emite muchos de tales mensajes; por lo general, varios de diferente naturaleza al mismo tiempo, que a veces hasta se atropellan entre s\u00ed, se superponen, se amontonan unos contra otros. Todo est\u00e1 exaltado, conmovido, perturbado: la imaginaci\u00f3n, la inteligencia, los sentimientos, la memoria\u201d.<\/p>\n\n\n\n<p>La representaci\u00f3n nace a partir de la necesidad de contar una historia.&nbsp;<em>Cinema Pasarela<\/em>&nbsp;fue un proyecto sin precedentes en la historia reciente de la Comarca Lagunera. En una ciudad como Torre\u00f3n, que en apenas poco m\u00e1s de 116 a\u00f1os de existencia posee una marcada&nbsp;pretensi\u00f3n de modernidad, a medio camino entre la autenticidad y la impostura que sobrevive hasta la actualidad, es dif\u00edcil encontrar ejemplos que apuesten de manera abierta, atrevida y sin pudor a mezclar dos \u00e1mbitos que tienen m\u00e1s en com\u00fan de lo que las posturas oficiales, acad\u00e9micas y normativas nos vienen diciendo desde hace d\u00e9cadas. Por lo tanto, las representaciones de la vida nunca son inocentes.<\/p>\n\n\n\n<p>La moda tambi\u00e9n es producto de la historia y un lenguaje de su propia \u00e9poca: adapta y posiciona elementos que devuelve en forma de tendencias.&nbsp;\u00c1ngel Jacquez entiende que la moda es una expresi\u00f3n m\u00e1s de la cultura que con el paso del tiempo estableci\u00f3 lazos cada vez m\u00e1s profundos con el arte, dejando atr\u00e1s la simple funcionalidad de las prendas como \u00abvestimenta\u00bb para confluir en una simbiosis m\u00e1s pr\u00f3xima a un discurso est\u00e9tico o un posicionamiento pol\u00edtico.<\/p>\n\n\n\n<p>En ese sentido, la propuesta esc\u00e9nica de&nbsp;<em>Cinema Pasarela<\/em>&nbsp;ofreci\u00f3 ciertos gui\u00f1os a un espect\u00e1culo propio del cabaret berlin\u00e9s e incluso por momentos coquete\u00f3 con la idea de plantear una obertura al estilo de una \u00f3pera, a trav\u00e9s del tema&nbsp;<em>Sing, sing, sing<\/em>, de Benny Goodman, una pieza monumental poseedora de una energ\u00eda, cambios de ritmo y narrativa que gener\u00f3 entre el p\u00fablico una sensaci\u00f3n de expectativa que, aunado a la belleza arquitect\u00f3nica de Casa La Morelos, provoc\u00f3 distintas reacciones que fluctuaron desde el asombro y la fascinaci\u00f3n, hasta el desconcierto y la confusi\u00f3n, pero en ning\u00fan momento indiferencia.<\/p>\n\n\n\n<figure class=\"wp-block-image size-full is-resized\"><img fetchpriority=\"high\" decoding=\"async\" width=\"1000\" height=\"524\" src=\"https:\/\/lavereda.com.mx\/wp-content\/uploads\/2024\/02\/9.-Ejercicio-escenico.png\" alt=\"\" class=\"wp-image-5853\" style=\"width:682px;height:auto\" srcset=\"https:\/\/lavereda.com.mx\/wp-content\/uploads\/2024\/02\/9.-Ejercicio-escenico.png 1000w, https:\/\/lavereda.com.mx\/wp-content\/uploads\/2024\/02\/9.-Ejercicio-escenico-300x157.png 300w, https:\/\/lavereda.com.mx\/wp-content\/uploads\/2024\/02\/9.-Ejercicio-escenico-768x402.png 768w\" sizes=\"(max-width: 1000px) 100vw, 1000px\" \/><\/figure>\n\n\n\n<p>En la filosof\u00eda est\u00e9tica de \u00c1ngel Jacquez emerge una suerte de resistencia al m\u00e1s puro estilo partisano. El punto de partida de&nbsp;<em>Cinema Pasarela<\/em>&nbsp;fue la coyuntura gestada antes, durante y despu\u00e9s de la Segunda Guerra Mundial. Al igual que las j\u00f3venes y las mujeres que transformaron la necesidad de vestirse en un asunto de alto estilo y en una declaraci\u00f3n de moda salvajemente subversiva, en las creaciones de su marca&nbsp;<em>Thercka<\/em>&nbsp;es posible advertir ese halo chic revolucionario.<\/p>\n\n\n\n<p>Peter Brook dec\u00eda que el montaje no es orden sino relaciones. Los creadores siempre se hacen este tipo de preguntas: \u00bfc\u00f3mo haremos que esto funcione?, \u00bfc\u00f3mo lo superaremos? Este ejercicio esc\u00e9nico tuvo la enorme fortuna de contar con el talento de extraordinarios artistas como las bailarinas Sara Ovalle, Berenice Ovalle y Alpha R\u00edos, integrantes de la compa\u00f1\u00eda Mezquite Danza Contempor\u00e1nea y maestras de la Escuela Municipal de Danza Contempor\u00e1nea de Torre\u00f3n (ESDACONT), que montaron actos definidos a partir de la m\u00fasica de Big Bad Voodoo Daddy, banda de neoswing que abarca desde el Dixieland al jump blues, pasando por el sonido big band.<\/p>\n\n\n\n<p>El&nbsp;<em>live act<\/em>&nbsp;realizado por el maestro Ra\u00fal J\u00e1quez a partir de los sets electr\u00f3nicos de Titi Sans (Amauri Sol\u00eds), le otorg\u00f3 al espect\u00e1culo una \u00e9pica a\u00fan mayor; mezcla de performance musical, improvisaci\u00f3n y un di\u00e1logo inmejorable en la modalidad&nbsp;<em>back to back<\/em>&nbsp;(B2B).&nbsp;<\/p>\n\n\n\n<p>La experiencia y el virtuosismo del bandoneonista y acordeonista intervino en&nbsp;<em>Sandalwood I<\/em>&nbsp;y&nbsp;<em>The Hem<\/em>, dos piezas del compositor ingl\u00e9s Jonny Greenwood \u2013integrante de Radiohead\u2013, sin que pierdan un \u00e1pice de belleza propio de la m\u00fasica cl\u00e1sica y esas pinceladas concienzudamente modernas, resultado de partituras exuberantes y sombr\u00edas; hipn\u00f3ticas y abrumadoras.&nbsp;<\/p>\n\n\n\n<p>Los temas de Greenwood provocaron que&nbsp;<em>Cinema Pasarela<\/em>&nbsp;tuviera esa vibra de luz y oscuridad tan envolvente, explorando el lado m\u00e1s siniestro, inquietante e impasible de la m\u00fasica de concierto. Sus composiciones minimalistas guardan similitudes con ciertas notas de Philip Glass, sobre todo en algunos pasajes del soundtrack de&nbsp;<em>The Hours<\/em>, el filme de Stephen Daldry que narra tres historias interconectadas; una de las cuales se sit\u00faa en tiempos de la posguerra.<\/p>\n\n\n\n<p>M\u00e1s adelante, la propuesta musical de Ra\u00fal J\u00e1quez navega por los senderos de la melancol\u00eda, el dramatismo y la contenci\u00f3n, estableciendo un puente hist\u00f3rico que va del per\u00edodo de entreguerras al tango profundamente cinematogr\u00e1fico por medio de la interpretaci\u00f3n de&nbsp;<em>Oblivion<\/em>, de \u00c1stor Piazzolla.&nbsp;<\/p>\n\n\n\n<p>De ese modo, El Chiosco de Casa La Morelos se transform\u00f3 en una especie de conventillo del arrabal porte\u00f1o con reminiscencias a un Berl\u00edn en ruinas, mientras un&nbsp;<em>fueye<\/em>&nbsp;que rezonga, retumb\u00f3 en las paredes del recinto conocido anteriormente como Casa Tueme, construido en 1935, en los tiempos en que Torre\u00f3n aspiraba a convertirse en una metr\u00f3poli cosmopolita y multicultural.&nbsp;<\/p>\n\n\n\n<p>La moda es arte. La relaci\u00f3n entre estos universos es muy estrecha. Ambos son medios de expresi\u00f3n de alto impacto que crean objetos no solo de cierta belleza, sino tambi\u00e9n capaces de emocionar y de generar una reflexi\u00f3n. De hecho, la industria de la confecci\u00f3n se sit\u00faa en el centro de la creatividad y es el mejor espejo de la sociedad y su cultura. Son \u00e1mbitos que guardan similitudes: de un lado y de otro surgen grandes nombres, imitadores y revolucionarios.<\/p>\n\n\n\n<p>Una herencia que nos muestra la trayectoria hacia la definici\u00f3n de la identidad de \u00c1ngel Jacquez, quien no solo dibuja, boceta, corta, dise\u00f1a y cose, sino que interviene y transforma todo lo que est\u00e1 a su alrededor, incluy\u00e9ndose a ella misma como espectadora-voyerista. En sus dise\u00f1os se advierte su creatividad y el profundo sentido que ocupan los colores, las formas y las texturas, pero tambi\u00e9n nos hablan de su temperamento, car\u00e1cter, pasiones y obsesiones.<\/p>\n\n\n\n<p>Los trazos invisibles de su mano muestran que sus vestimentas son m\u00e1s que un accesorio. Son obras de arte, saturadas con la energ\u00eda y la personalidad de su creadora. Cuando comienza a trabajar una pieza, emerge una profunda intuici\u00f3n, sin forma, que es como un aroma, un color, una sombra.<\/p>\n\n\n\n<p>Si bien el arte de \u00c1ngel Jacquez nace del aislamiento, no es en absoluto una afirmaci\u00f3n de soledad. Es una tentativa profundamente personal de sobreponerse a la desesperanza humana y encontrar alguna clase de conexi\u00f3n. En otras palabras, lo que define realmente bien el proceso creativo de sus dise\u00f1os es la experiencia del anhelo.<\/p>\n\n\n\n<p><em>Cinema Pasarela<\/em>&nbsp;fue como un cuento de hadas justo encima de la realidad. Un proyecto cultural que roz\u00f3 una est\u00e9tica un poco m\u00e1s oscura y hostigadora. Sin embargo, a pesar de lo ef\u00edmero de su representaci\u00f3n existen un mont\u00f3n de lecturas a futuro.&nbsp;Causa deleite algo muy particular: observar la construcci\u00f3n minuciosa de una puesta en escena de una \u00e9poca en que el lenguaje de la moda transform\u00f3 y reinvent\u00f3 la vida de mujeres y hombres para siempre.&nbsp;<\/p>\n\n\n\n<p>\u00c1ngel Jacquez hizo de sus bocetos un drama musical y danc\u00edstico&nbsp;que manipul\u00f3 el color y el movimiento de la forma humana para construir un objeto material que tambi\u00e9n es artificial, idealizado y fant\u00e1stico; un lujo a partir de un sue\u00f1o.&nbsp;La moda contribuye en la creaci\u00f3n de anhelos e ilusiones.<\/p>\n\n\n\n<p>Menci\u00f3n especial para la direcci\u00f3n esc\u00e9nica a cargo de Mace Medina, quien transform\u00f3 a los modelos de la agencia LMAC en personajes con una presencia alejada de las estructuras convencionales y m\u00e1s enfocado en reinventar y potencializar sus capacidades actorales con el prop\u00f3sito de integrar un&nbsp;<em>summum<\/em>&nbsp;con aproximaciones al performance y al happening.<\/p>\n\n\n\n<p><em>Cinema Pasarela\u00a0<\/em>fue como una pieza de m\u00fasica de c\u00e1mara, \u00edntima, con personajes y protagonistas espec\u00edficos, con caracter\u00edsticas y comportamientos concretos, rom\u00e1ntica y kitsch; ut\u00f3pica y realista en la misma medida, con hermosas armon\u00edas y cambios de tono cautivadores. Es la representaci\u00f3n misma de la obsesi\u00f3n, aunque en esta ocasi\u00f3n lo que la empuj\u00f3 fue la b\u00fasqueda de una convergencia art\u00edstica.<\/p>\n\n\n\n<figure class=\"wp-block-image size-full is-resized\"><img decoding=\"async\" width=\"1000\" height=\"516\" src=\"https:\/\/lavereda.com.mx\/wp-content\/uploads\/2024\/02\/10.-LMAC.png\" alt=\"\" class=\"wp-image-5855\" style=\"width:687px;height:auto\" srcset=\"https:\/\/lavereda.com.mx\/wp-content\/uploads\/2024\/02\/10.-LMAC.png 1000w, https:\/\/lavereda.com.mx\/wp-content\/uploads\/2024\/02\/10.-LMAC-300x155.png 300w, https:\/\/lavereda.com.mx\/wp-content\/uploads\/2024\/02\/10.-LMAC-768x396.png 768w\" sizes=\"(max-width: 1000px) 100vw, 1000px\" \/><\/figure>\n\n\n\n<p>Las representaciones de la vida nunca son inocentes. Construimos nuestra sensibilidad con base en las representaciones que consumimos. Las formas en las que nos relacionamos con la vida son producto de nuestra relaci\u00f3n con representaciones, y \u00e9stas configuran la manera en la que afrontamos la realidad.&nbsp;<\/p>\n\n\n\n<p>\u00c1ngel Jacquez sabe que uno debe ser fiel a s\u00ed mismo, creer en lo que uno hace, pero sin dejar de tener la certeza de que la verdad est\u00e1 siempre en otra parte. Y al mismo tiempo, nunca creer en una verdad \u00fanica, ni propia ni ajena; consciente de que todas las escuelas, todas las teor\u00edas pueden ser v\u00e1lidas en determinado lugar, en determinado momento. Porque dejarse ver no es poco, no es f\u00e1cil y es hermoso.<\/p>\n","protected":false},"excerpt":{"rendered":"<p>Una de las principales fuentes de inspiraci\u00f3n en el proceso creativo de la dise\u00f1adora de moda \u00c1ngel Jacquez es la m\u00fasica de Goran Bregovi\u0107, sobre todo a partir de la &hellip; <a href=\"https:\/\/lavereda.com.mx\/index.php\/2024\/02\/29\/angel-jacquez-el-hilo-fantasma-de-una-pasion\/\" class=\"more-link\">Leer m\u00e1s<\/a><\/p>\n","protected":false},"author":16,"featured_media":5857,"comment_status":"open","ping_status":"open","sticky":false,"template":"","format":"standard","meta":{"footnotes":""},"categories":[2,18],"tags":[],"class_list":["post-5850","post","type-post","status-publish","format-standard","has-post-thumbnail","hentry","category-artes-escenicas","category-lomasrelevante","entry"],"_links":{"self":[{"href":"https:\/\/lavereda.com.mx\/index.php\/wp-json\/wp\/v2\/posts\/5850","targetHints":{"allow":["GET"]}}],"collection":[{"href":"https:\/\/lavereda.com.mx\/index.php\/wp-json\/wp\/v2\/posts"}],"about":[{"href":"https:\/\/lavereda.com.mx\/index.php\/wp-json\/wp\/v2\/types\/post"}],"author":[{"embeddable":true,"href":"https:\/\/lavereda.com.mx\/index.php\/wp-json\/wp\/v2\/users\/16"}],"replies":[{"embeddable":true,"href":"https:\/\/lavereda.com.mx\/index.php\/wp-json\/wp\/v2\/comments?post=5850"}],"version-history":[{"count":3,"href":"https:\/\/lavereda.com.mx\/index.php\/wp-json\/wp\/v2\/posts\/5850\/revisions"}],"predecessor-version":[{"id":5856,"href":"https:\/\/lavereda.com.mx\/index.php\/wp-json\/wp\/v2\/posts\/5850\/revisions\/5856"}],"wp:featuredmedia":[{"embeddable":true,"href":"https:\/\/lavereda.com.mx\/index.php\/wp-json\/wp\/v2\/media\/5857"}],"wp:attachment":[{"href":"https:\/\/lavereda.com.mx\/index.php\/wp-json\/wp\/v2\/media?parent=5850"}],"wp:term":[{"taxonomy":"category","embeddable":true,"href":"https:\/\/lavereda.com.mx\/index.php\/wp-json\/wp\/v2\/categories?post=5850"},{"taxonomy":"post_tag","embeddable":true,"href":"https:\/\/lavereda.com.mx\/index.php\/wp-json\/wp\/v2\/tags?post=5850"}],"curies":[{"name":"wp","href":"https:\/\/api.w.org\/{rel}","templated":true}]}}