{"id":5845,"date":"2024-02-28T01:31:06","date_gmt":"2024-02-28T01:31:06","guid":{"rendered":"http:\/\/lavereda.com.mx\/?p=5845"},"modified":"2024-02-28T01:31:06","modified_gmt":"2024-02-28T01:31:06","slug":"que-ocurrio-en-la-historia-en-esta-semana","status":"publish","type":"post","link":"https:\/\/lavereda.com.mx\/index.php\/2024\/02\/28\/que-ocurrio-en-la-historia-en-esta-semana\/","title":{"rendered":"\u00bfQu\u00e9 ocurri\u00f3 en la historia en esta semana?"},"content":{"rendered":"\n<p>Te compartimos algunas efem\u00e9rides importantes del 27 de febrero al 1 de marzo:<\/p>\n\n\n\n<p>NACIONAL<\/p>\n\n\n\n<p><strong>27 de febrero de 1882<\/strong>. Nace en la ciudad de Oaxaca el pol\u00edtico, abogado, escritor,\u00a0educador\u00a0y fil\u00f3sofo Jos\u00e9 Vasconcelos. Fue nombrado Doctor Honoris Causa por la Universidad Nacional de M\u00e9xico (UNAM) y por las de Chile, Guatemala y otras universidades latinoamericanas.<\/p>\n\n\n\n<p>Fue quien present\u00f3 la iniciativa de crear la SEP en M\u00e9xico,<\/p>\n\n\n\n<p>INTERNACIONAL<\/p>\n\n\n\n<p><strong>29 de febrero<\/strong>. Es el D\u00eda Mundial de las\u00a0Enfermedades Raras, una fecha que\u00a0surgi\u00f3 en un\u00a0<strong>a\u00f1o bisiesto<\/strong>\u00a0(2008), pero tambi\u00e9n se celebra en los dem\u00e1s a\u00f1os. Eso quiere decir que a veces cae en 29 y todos los dem\u00e1s en 28 de febrero.<\/p>\n\n\n\n<p>Las enfermedades raras son patolog\u00edas o trastornos que afectan a s\u00f3lo una parte de la poblaci\u00f3n y que, en muchas ocasiones, tienen un componente gen\u00e9tico, presentando una serie de s\u00edntomas particulares que son dif\u00edciles de diagnosticar.<\/p>\n\n\n\n<figure class=\"wp-block-image size-full is-resized\"><img fetchpriority=\"high\" decoding=\"async\" width=\"750\" height=\"850\" src=\"https:\/\/lavereda.com.mx\/wp-content\/uploads\/2024\/02\/01_mzo21_benjamin_argumedo.jpg\" alt=\"\" class=\"wp-image-5848\" style=\"width:362px;height:auto\" srcset=\"https:\/\/lavereda.com.mx\/wp-content\/uploads\/2024\/02\/01_mzo21_benjamin_argumedo.jpg 750w, https:\/\/lavereda.com.mx\/wp-content\/uploads\/2024\/02\/01_mzo21_benjamin_argumedo-265x300.jpg 265w\" sizes=\"(max-width: 750px) 100vw, 750px\" \/><\/figure>\n\n\n\n<p>ESTATAL<\/p>\n\n\n\n<p><strong>1 de marzo de 1916<\/strong>. Muere fusilado en Durango el General coahuilense Benjam\u00edn Argumedo, llamado \u201cEl Le\u00f3n de La Laguna\u201d, por haber realizado en esa regi\u00f3n sus mayores haza\u00f1as militares.<\/p>\n\n\n\n<p>Es un personaje ic\u00f3nico y pol\u00e9mico de la Revoluci\u00f3n en La Laguna.<\/p>\n","protected":false},"excerpt":{"rendered":"<p>Te compartimos algunas efem\u00e9rides importantes del 27 de febrero al 1 de marzo: NACIONAL 27 de febrero de 1882. Nace en la ciudad de Oaxaca el pol\u00edtico, abogado, escritor,\u00a0educador\u00a0y fil\u00f3sofo &hellip; <a href=\"https:\/\/lavereda.com.mx\/index.php\/2024\/02\/28\/que-ocurrio-en-la-historia-en-esta-semana\/\" class=\"more-link\">Leer m\u00e1s<\/a><\/p>\n","protected":false},"author":9,"featured_media":5847,"comment_status":"open","ping_status":"open","sticky":false,"template":"","format":"standard","meta":{"footnotes":""},"categories":[18,8],"tags":[],"class_list":["post-5845","post","type-post","status-publish","format-standard","has-post-thumbnail","hentry","category-lomasrelevante","category-sociedad","entry"],"_links":{"self":[{"href":"https:\/\/lavereda.com.mx\/index.php\/wp-json\/wp\/v2\/posts\/5845","targetHints":{"allow":["GET"]}}],"collection":[{"href":"https:\/\/lavereda.com.mx\/index.php\/wp-json\/wp\/v2\/posts"}],"about":[{"href":"https:\/\/lavereda.com.mx\/index.php\/wp-json\/wp\/v2\/types\/post"}],"author":[{"embeddable":true,"href":"https:\/\/lavereda.com.mx\/index.php\/wp-json\/wp\/v2\/users\/9"}],"replies":[{"embeddable":true,"href":"https:\/\/lavereda.com.mx\/index.php\/wp-json\/wp\/v2\/comments?post=5845"}],"version-history":[{"count":2,"href":"https:\/\/lavereda.com.mx\/index.php\/wp-json\/wp\/v2\/posts\/5845\/revisions"}],"predecessor-version":[{"id":5849,"href":"https:\/\/lavereda.com.mx\/index.php\/wp-json\/wp\/v2\/posts\/5845\/revisions\/5849"}],"wp:featuredmedia":[{"embeddable":true,"href":"https:\/\/lavereda.com.mx\/index.php\/wp-json\/wp\/v2\/media\/5847"}],"wp:attachment":[{"href":"https:\/\/lavereda.com.mx\/index.php\/wp-json\/wp\/v2\/media?parent=5845"}],"wp:term":[{"taxonomy":"category","embeddable":true,"href":"https:\/\/lavereda.com.mx\/index.php\/wp-json\/wp\/v2\/categories?post=5845"},{"taxonomy":"post_tag","embeddable":true,"href":"https:\/\/lavereda.com.mx\/index.php\/wp-json\/wp\/v2\/tags?post=5845"}],"curies":[{"name":"wp","href":"https:\/\/api.w.org\/{rel}","templated":true}]}}