{"id":5838,"date":"2024-02-24T18:16:09","date_gmt":"2024-02-24T18:16:09","guid":{"rendered":"http:\/\/lavereda.com.mx\/?p=5838"},"modified":"2024-02-24T18:16:10","modified_gmt":"2024-02-24T18:16:10","slug":"musica-diseno-de-moda-y-arte-en-un-espectaculo","status":"publish","type":"post","link":"https:\/\/lavereda.com.mx\/index.php\/2024\/02\/24\/musica-diseno-de-moda-y-arte-en-un-espectaculo\/","title":{"rendered":"M\u00fasica, dise\u00f1o de moda y arte en un espect\u00e1culo"},"content":{"rendered":"\n<ul class=\"wp-block-list\">\n<li>Se presentar\u00e1 en Casa Mud\u00e9jar con la participaci\u00f3n de varios artistas.<\/li>\n<\/ul>\n\n\n\n<p>El pr\u00f3ximo viernes 1 de marzo se presentar\u00e1 \u201cEderlezi&#8230; A finales de invierno\u201d, un espect\u00e1culo que combina m\u00fasica, artes esc\u00e9nicas y dise\u00f1o de moda, a medio camino entre la tradici\u00f3n gitana de los Balcanes y la subcultura cyber-punk. La cita es en Casa Mud\u00e9jar en punto de las 20:00 horas con entrada libre, inform\u00f3 la dise\u00f1adora de moda \u00c1ngel Jacquez, en conjunto con el Instituto Municipal de Cultura y Educaci\u00f3n.<\/p>\n\n\n\n<p>En el \u00e1mbito musical, se contar\u00e1 con la participaci\u00f3n de Amauri Sol\u00eds, mejor conocido como Titi Sans, reconocido DJ y artista gr\u00e1fico local, quien ser\u00e1 el hilo conductor del montaje por medio de sus sets electr\u00f3nicos, alternando junto al destacado bandoneonista y acordeonista Ra\u00fal J\u00e1quez, que posee una importante trayectoria en g\u00e9neros como el tango, la chanson y el flamenco.<\/p>\n\n\n\n<p>Simult\u00e1neamente, el escenario ser\u00e1 tomado por las maestras Sara Ovalle y Berenice Ovalle, dos referentes de la danza contempor\u00e1nea e integrantes de la compa\u00f1\u00eda Mezquite. Por otra parte, tambi\u00e9n se sumar\u00e1 un grupo de actores pertenecientes a la Compa\u00f1\u00eda Detestable Teatro, quienes ejecutar\u00e1n un performance, para dar paso a la drag queen y actriz Kenya Gaga.&nbsp;<\/p>\n\n\n\n<p>Finalmente, 20 modelos profesionales de la Academia y Agencia LMAC y Manu Sosa Modelos, maquilladas por Andrea N\u00e1jera Makeup Artist, cerrar\u00e1n con una pasarela estelar para mostrar la colecci\u00f3n de prendas originales concebidas, dise\u00f1adas y elaboradas de manera \u00edntegra en el Atelier \u00c1ngel Jacquez y su concepto Thercka. La direcci\u00f3n esc\u00e9nica estar\u00e1 a cargo de Mace Medina, a partir de una idea original de la dise\u00f1adora de moda \u00c1ngel Jacquez.<\/p>\n\n\n\n<p>\u201cEderlezi\u2026 A finales de invierno\u201d, es el segundo espect\u00e1culo concebido y producido por la artista \u00c1ngel Jacquez. En mayo de 2023, present\u00f3 Cinema Pasarela, un concepto inspirado en la est\u00e9tica del cine de los cuarenta y cincuenta, en el que logr\u00f3 conjuntar de forma org\u00e1nica mundos que, aparentemente, se encontrar\u00edan en las ant\u00edpodas de sus respectivos discursos, es decir, el arte y la moda.<\/p>\n\n\n\n<p>\u00c1ngel Jacquez (Torre\u00f3n, 1975) es una dise\u00f1adora de moda con 25 a\u00f1os de trayectoria en la escena de la alta costura. Fue alumna del Instituto de Estudios Superiores en Moda y Dise\u00f1o (IESMODI) y del Instituto de Estudios Superiores de Moda en Casa Francia (IESMODACF). Tambi\u00e9n estudi\u00f3 Arte Dram\u00e1tico en el Centro Nacional de las Artes (CENART) y en la actualidad, cursa el Taller de Actuaci\u00f3n Cinematogr\u00e1fica, impartido por Plasma en Corto-Centro Cinematogr\u00e1fico de La Laguna.<\/p>\n","protected":false},"excerpt":{"rendered":"<p>El pr\u00f3ximo viernes 1 de marzo se presentar\u00e1 \u201cEderlezi&#8230; A finales de invierno\u201d, un espect\u00e1culo que combina m\u00fasica, artes esc\u00e9nicas y dise\u00f1o de moda, a medio camino entre la tradici\u00f3n &hellip; <a href=\"https:\/\/lavereda.com.mx\/index.php\/2024\/02\/24\/musica-diseno-de-moda-y-arte-en-un-espectaculo\/\" class=\"more-link\">Leer m\u00e1s<\/a><\/p>\n","protected":false},"author":9,"featured_media":5839,"comment_status":"open","ping_status":"open","sticky":false,"template":"","format":"standard","meta":{"footnotes":""},"categories":[2,7],"tags":[58,60],"class_list":["post-5838","post","type-post","status-publish","format-standard","has-post-thumbnail","hentry","category-artes-escenicas","category-entretenimiento","tag-moda","tag-musica-2","entry"],"_links":{"self":[{"href":"https:\/\/lavereda.com.mx\/index.php\/wp-json\/wp\/v2\/posts\/5838","targetHints":{"allow":["GET"]}}],"collection":[{"href":"https:\/\/lavereda.com.mx\/index.php\/wp-json\/wp\/v2\/posts"}],"about":[{"href":"https:\/\/lavereda.com.mx\/index.php\/wp-json\/wp\/v2\/types\/post"}],"author":[{"embeddable":true,"href":"https:\/\/lavereda.com.mx\/index.php\/wp-json\/wp\/v2\/users\/9"}],"replies":[{"embeddable":true,"href":"https:\/\/lavereda.com.mx\/index.php\/wp-json\/wp\/v2\/comments?post=5838"}],"version-history":[{"count":1,"href":"https:\/\/lavereda.com.mx\/index.php\/wp-json\/wp\/v2\/posts\/5838\/revisions"}],"predecessor-version":[{"id":5840,"href":"https:\/\/lavereda.com.mx\/index.php\/wp-json\/wp\/v2\/posts\/5838\/revisions\/5840"}],"wp:featuredmedia":[{"embeddable":true,"href":"https:\/\/lavereda.com.mx\/index.php\/wp-json\/wp\/v2\/media\/5839"}],"wp:attachment":[{"href":"https:\/\/lavereda.com.mx\/index.php\/wp-json\/wp\/v2\/media?parent=5838"}],"wp:term":[{"taxonomy":"category","embeddable":true,"href":"https:\/\/lavereda.com.mx\/index.php\/wp-json\/wp\/v2\/categories?post=5838"},{"taxonomy":"post_tag","embeddable":true,"href":"https:\/\/lavereda.com.mx\/index.php\/wp-json\/wp\/v2\/tags?post=5838"}],"curies":[{"name":"wp","href":"https:\/\/api.w.org\/{rel}","templated":true}]}}