{"id":5825,"date":"2024-02-17T16:52:55","date_gmt":"2024-02-17T16:52:55","guid":{"rendered":"http:\/\/lavereda.com.mx\/?p=5825"},"modified":"2024-02-17T16:52:56","modified_gmt":"2024-02-17T16:52:56","slug":"con-la-novena-sinfonia-de-beethoven-inician-festejos-de-aniversario","status":"publish","type":"post","link":"https:\/\/lavereda.com.mx\/index.php\/2024\/02\/17\/con-la-novena-sinfonia-de-beethoven-inician-festejos-de-aniversario\/","title":{"rendered":"Con la Novena Sinfon\u00eda de Beethoven inician festejos de aniversario"},"content":{"rendered":"\n<p>La Camerata de Coahuila prepara la celebraci\u00f3n de su 30 aniversario en este 2024. <\/p>\n\n\n\n<p>En conferencia de prensa, el director art\u00edstico Ram\u00f3n Shade acompa\u00f1ado por miembros del Patronato anunci\u00f3 la presentaci\u00f3n de la Novena Sinfon\u00eda de Beethoven, a 200 a\u00f1os de su creaci\u00f3n, con tres fechas:<\/p>\n\n\n\n<p>La primera es este\u00a0viernes 23 de febrero a las 20:30 horas, s\u00e1bado 24 de febrero\u00a0a las 19:30 horas y\u00a0domingo 25 de febrero\u00a0en punto de las 12:00 horas, En el Teatro Isauro Mart\u00ednez.\u00a0<\/p>\n\n\n\n<p>La obra magistral de Beethoven ha sido declarada Patrimonio Cultural de la Humanidad en el a\u00f1o 2002 por la UNESCO.\u00a0<\/p>\n\n\n\n<p>La Sinfon\u00eda n.o 9 \u201cCoral\u201d en re menor, op. 125, es una sinfon\u00eda coral compuesta entre 1822 y 1824. Es la novena y \u00faltima completa de sus nueve sinfon\u00edas. Se estren\u00f3 en Viena el 7 de mayo de 1824.\u00a0<\/p>\n\n\n\n<p>Beethoven vivi\u00f3 en una \u00e9poca revolucionaria. Su m\u00fasica tambi\u00e9n trastoc\u00f3 las reglas y los l\u00edmites de los \u00f3rdenes anteriores, y cre\u00f3 nuevos paradigmas que han influido en las artes desde entonces. Beethoven se ha convertido en un s\u00edmbolo representativo del genio individual que supera los l\u00edmites, del artista rebelde.&nbsp;<\/p>\n\n\n\n<p>La Novena de Beethoven estar\u00e1 bajo la direcci\u00f3n del\u00a0Maestro Ram\u00f3n Shade\u00a0y contar\u00e1 con la participaci\u00f3n de la soprano\u00a0Tania Sol\u00eds;\u00a0Gabriela Flores, alto; el tenor lagunero,\u00a0Ricardo Estrada\u00a0y el bajo,\u00a0Jos\u00e9 Luis Reynoso.\u00a0<\/p>\n\n\n\n<p>En el coro participar\u00e1n dos instituciones de Torre\u00f3n y Saltillo, el\u00a0Coro del Instituto de M\u00fasica de Coahuila, con la direcci\u00f3n de la Mtra. Luz Alicia \u00c1vila y la\u00a0Compa\u00f1\u00eda de \u00d3pera de Saltillo, bajo la direcci\u00f3n del Mtro. Alejandro Reyes Vald\u00e9s.\u00a0<\/p>\n\n\n\n<p><\/p>\n","protected":false},"excerpt":{"rendered":"<p>La Camerata de Coahuila prepara la celebraci\u00f3n de su 30 aniversario en este 2024. En conferencia de prensa, el director art\u00edstico Ram\u00f3n Shade acompa\u00f1ado por miembros del Patronato anunci\u00f3 la &hellip; <a href=\"https:\/\/lavereda.com.mx\/index.php\/2024\/02\/17\/con-la-novena-sinfonia-de-beethoven-inician-festejos-de-aniversario\/\" class=\"more-link\">Leer m\u00e1s<\/a><\/p>\n","protected":false},"author":9,"featured_media":5830,"comment_status":"open","ping_status":"open","sticky":false,"template":"","format":"standard","meta":{"footnotes":""},"categories":[18,4],"tags":[108,26,60],"class_list":["post-5825","post","type-post","status-publish","format-standard","has-post-thumbnail","hentry","category-lomasrelevante","category-musica","tag-beethoven","tag-camerata-de-coahuila","tag-musica-2","entry"],"_links":{"self":[{"href":"https:\/\/lavereda.com.mx\/index.php\/wp-json\/wp\/v2\/posts\/5825","targetHints":{"allow":["GET"]}}],"collection":[{"href":"https:\/\/lavereda.com.mx\/index.php\/wp-json\/wp\/v2\/posts"}],"about":[{"href":"https:\/\/lavereda.com.mx\/index.php\/wp-json\/wp\/v2\/types\/post"}],"author":[{"embeddable":true,"href":"https:\/\/lavereda.com.mx\/index.php\/wp-json\/wp\/v2\/users\/9"}],"replies":[{"embeddable":true,"href":"https:\/\/lavereda.com.mx\/index.php\/wp-json\/wp\/v2\/comments?post=5825"}],"version-history":[{"count":2,"href":"https:\/\/lavereda.com.mx\/index.php\/wp-json\/wp\/v2\/posts\/5825\/revisions"}],"predecessor-version":[{"id":5831,"href":"https:\/\/lavereda.com.mx\/index.php\/wp-json\/wp\/v2\/posts\/5825\/revisions\/5831"}],"wp:featuredmedia":[{"embeddable":true,"href":"https:\/\/lavereda.com.mx\/index.php\/wp-json\/wp\/v2\/media\/5830"}],"wp:attachment":[{"href":"https:\/\/lavereda.com.mx\/index.php\/wp-json\/wp\/v2\/media?parent=5825"}],"wp:term":[{"taxonomy":"category","embeddable":true,"href":"https:\/\/lavereda.com.mx\/index.php\/wp-json\/wp\/v2\/categories?post=5825"},{"taxonomy":"post_tag","embeddable":true,"href":"https:\/\/lavereda.com.mx\/index.php\/wp-json\/wp\/v2\/tags?post=5825"}],"curies":[{"name":"wp","href":"https:\/\/api.w.org\/{rel}","templated":true}]}}