{"id":5822,"date":"2024-02-15T00:36:15","date_gmt":"2024-02-15T00:36:15","guid":{"rendered":"http:\/\/lavereda.com.mx\/?p=5822"},"modified":"2024-02-15T00:36:15","modified_gmt":"2024-02-15T00:36:15","slug":"imparten-charla-sobre-la-historia-de-los-eclipses","status":"publish","type":"post","link":"https:\/\/lavereda.com.mx\/index.php\/2024\/02\/15\/imparten-charla-sobre-la-historia-de-los-eclipses\/","title":{"rendered":"Imparten charla sobre la historia de los eclipses"},"content":{"rendered":"\n<p>El Archivo Municipal de Torre\u00f3n invita a asistir a la conferencia \u201cCoahuila y Durango, cien a\u00f1os y dos eclipses totales\u201d, a cargo de Alejandro Ahumada Rodr\u00edguez, este jueves 15 de febrero a las 19:00 horas.<\/p>\n\n\n\n<p>Cinthia Gaspar Montero, directora de la dependencia, inform\u00f3 que esta actividad con entrada libre, forma parte de las actividades del eclipse total que ocurrir\u00e1 el pr\u00f3ximo 8 de abril y que convertir\u00e1 a Torre\u00f3n en una de las cuatro mejores ciudades del pa\u00eds para observar y estudiar este suceso natural por parte de la comunidad cient\u00edfica y el p\u00fablico en general.<\/p>\n\n\n\n<p>El investigador Alejandro Ahumada Rodr\u00edguez, coment\u00f3 que el eclipse de 1923, fue el primero que se observ\u00f3 en M\u00e9xico y que recibi\u00f3 expediciones extranjeras de manera coordinada y organizada de diferentes grupos que llegaron a Pasaje (Cuencam\u00e9) y Yerban\u00eds (Pe\u00f1\u00f3n Blanco); ambos municipios de la Comarca Lagunera de Durango. Sus antiguos habitantes llamaron por d\u00e9cadas al fen\u00f3meno astron\u00f3mico que presenciaron como \u00abla oscuridad\u00bb.<\/p>\n\n\n\n<p>En la conferencia se abordar\u00e1 la trascendencia del arribo de destacados astr\u00f3nomos alemanes como Hans Ludendorff y Arnold Kohlsch\u00fctter, enviados directamente por el c\u00e9lebre cient\u00edfico Albert Einstein, como parte de los trabajos y seguimiento para la validaci\u00f3n de la teor\u00eda de la relatividad, a partir de los eclipses posteriores a 1919 y 1922. Einstein intent\u00f3 validar su teor\u00eda desde 1911, pero nunca tuvo la oportunidad de obtener los resultados que investigadores de otras naciones s\u00ed lograron.<\/p>\n\n\n\n<p>Alejandro Ahumada es especialista en el desarrollo de espacios multimedia interactivos en museos, sitios tur\u00edsticos y espacios culturales desde 2006. En su trayectoria laboral, destacan sus proyectos especiales en el Instituto Municipal de Cultura y Educaci\u00f3n de Torre\u00f3n, y como Coordinador de Municipios en la Secretar\u00eda de Cultura de Coahuila, Regi\u00f3n Laguna.<\/p>\n\n\n\n<p>Entre 2004 y 2010, realiz\u00f3 diferentes tareas de digitalizaci\u00f3n y recopilaci\u00f3n de documentos en instituciones como el Archivo Municipal de Torre\u00f3n, Museo Regional de La Laguna, Archivo General del Estado de Coahuila (AGEC), Archivo General de la Naci\u00f3n (AGN), Archivo de Notar\u00edas y Archivo Nacional del Agua.<\/p>\n\n\n\n<p>Fue miembro de la Comisi\u00f3n de Historia dentro de los festejos del centenario de la ciudad de Torre\u00f3n y de la Comisi\u00f3n de festejos de las batallas de La Laguna en la ciudad de G\u00f3mez Palacio, entre otras.<\/p>\n","protected":false},"excerpt":{"rendered":"<p>El Archivo Municipal de Torre\u00f3n invita a asistir a la conferencia \u201cCoahuila y Durango, cien a\u00f1os y dos eclipses totales\u201d, a cargo de Alejandro Ahumada Rodr\u00edguez, este jueves 15 de &hellip; <a href=\"https:\/\/lavereda.com.mx\/index.php\/2024\/02\/15\/imparten-charla-sobre-la-historia-de-los-eclipses\/\" class=\"more-link\">Leer m\u00e1s<\/a><\/p>\n","protected":false},"author":1,"featured_media":5823,"comment_status":"open","ping_status":"open","sticky":false,"template":"","format":"standard","meta":{"footnotes":""},"categories":[18,8],"tags":[106,107,25,30],"class_list":["post-5822","post","type-post","status-publish","format-standard","has-post-thumbnail","hentry","category-lomasrelevante","category-sociedad","tag-eclipse-2024","tag-eclipse-solar","tag-historia","tag-torreon","entry"],"_links":{"self":[{"href":"https:\/\/lavereda.com.mx\/index.php\/wp-json\/wp\/v2\/posts\/5822","targetHints":{"allow":["GET"]}}],"collection":[{"href":"https:\/\/lavereda.com.mx\/index.php\/wp-json\/wp\/v2\/posts"}],"about":[{"href":"https:\/\/lavereda.com.mx\/index.php\/wp-json\/wp\/v2\/types\/post"}],"author":[{"embeddable":true,"href":"https:\/\/lavereda.com.mx\/index.php\/wp-json\/wp\/v2\/users\/1"}],"replies":[{"embeddable":true,"href":"https:\/\/lavereda.com.mx\/index.php\/wp-json\/wp\/v2\/comments?post=5822"}],"version-history":[{"count":1,"href":"https:\/\/lavereda.com.mx\/index.php\/wp-json\/wp\/v2\/posts\/5822\/revisions"}],"predecessor-version":[{"id":5824,"href":"https:\/\/lavereda.com.mx\/index.php\/wp-json\/wp\/v2\/posts\/5822\/revisions\/5824"}],"wp:featuredmedia":[{"embeddable":true,"href":"https:\/\/lavereda.com.mx\/index.php\/wp-json\/wp\/v2\/media\/5823"}],"wp:attachment":[{"href":"https:\/\/lavereda.com.mx\/index.php\/wp-json\/wp\/v2\/media?parent=5822"}],"wp:term":[{"taxonomy":"category","embeddable":true,"href":"https:\/\/lavereda.com.mx\/index.php\/wp-json\/wp\/v2\/categories?post=5822"},{"taxonomy":"post_tag","embeddable":true,"href":"https:\/\/lavereda.com.mx\/index.php\/wp-json\/wp\/v2\/tags?post=5822"}],"curies":[{"name":"wp","href":"https:\/\/api.w.org\/{rel}","templated":true}]}}