{"id":5818,"date":"2024-02-14T19:34:21","date_gmt":"2024-02-14T19:34:21","guid":{"rendered":"http:\/\/lavereda.com.mx\/?p=5818"},"modified":"2024-02-14T19:34:22","modified_gmt":"2024-02-14T19:34:22","slug":"diego-el-cigala-regresa-a-torreon","status":"publish","type":"post","link":"https:\/\/lavereda.com.mx\/index.php\/2024\/02\/14\/diego-el-cigala-regresa-a-torreon\/","title":{"rendered":"Diego \u00abEl Cigala\u00bb regresa a Torre\u00f3n"},"content":{"rendered":"\n<ul class=\"wp-block-list\">\n<li>El cantaor espa\u00f1ol-dominicano regresa a tierras mexicanas con un selecto repertorio de canciones rom\u00e1nticas,&nbsp; llevadas a su terreno natural: el flamenco<\/li>\n<\/ul>\n\n\n\n<p>Despu\u00e9s de estar de gira por Espa\u00f1a y por los Estados Unidos, el tour\u00a0<strong><em>Obras Maestras<\/em><\/strong>, show hom\u00f3nimo del \u00faltimo disco de estudio del cantaor\u00a0<strong>Diego El Cigala<\/strong>, llega a oficialmente M\u00e9xico del 3 al 25 de mayo con fechas en nueve ciudades distintas. Una de ellas ser\u00e1 Torre\u00f3n en el Teatro Nazas, el pr\u00f3ximo 17 de mayo.<\/p>\n\n\n\n<p>Una cita con temas cl\u00e1sicos rom\u00e1nticos re versionados al flamenco, con el estilo \u00fanico del int\u00e9rprete madrile\u00f1o, esperan que el p\u00fablico mexicano sea parte de este magistral tour, una gran noche de bohemia con el enigm\u00e1tico Diego El Cigala.<br><br>Lanzado originalmente el 1 de septiembre del 2023 bajo el sello discogr\u00e1fico de Sony Music Latin, el disco\u00a0<strong><em>Obras Maestras<\/em><\/strong>\u00a0es un alb\u00fam de 10 canciones en el que\u00a0<strong>Diego El Cigala<\/strong>, reconocido por su versatilidad y por su capacidad para fusionar diferentes g\u00e9neros musicales, el artista se sumerge en el mundo del bolero, convirtiendo cada uno de estas canciones en nuevas joyas, aport\u00e1ndole su propio toque art\u00edstico y resaltando la belleza atemporal de la composici\u00f3n, lo que provoca un homenaje a figuras como el mexicano Armando Manzanero, el peruano Pedro Otiniano, el espa\u00f1ol Julio Iglesias, el cubano Osvaldo Farr\u00e9s o el brasile\u00f1o Roberto Carlos. <\/p>\n\n\n\n<p>Esta producci\u00f3n musical de casi 40 minutos, que representa el 14vo disco del artista gitano, es una selecci\u00f3n minuciosa de los temas boleros m\u00e1s ic\u00f3nicos en espa\u00f1ol.<br><br>Un disco disponible en los formatos vinilo dorado, cd y digital que ahora llega en un imperdible show en vivo. Una oda al amor, al desamor y a la vida a trav\u00e9s de temas cl\u00e1sicos que fueron escritos en la primera mitad del siglo XX y que al d\u00eda de hoy siguen vigentes debido a la atemporalidad de sus temas.\u00a0<\/p>\n\n\n\n<p>En esta gira,&nbsp;<strong>El Cigala<\/strong>&nbsp;es acompa\u00f1ado de nueva cuenta por el piano de Jaime Calabuch \u201cJumitus\u201d, con quien ha trabajado desde el 2005. Una serie de presentaciones que tienen el objetivo de festejar la riqueza de la m\u00fasica latina y al mismo tiempo mostrar la universalidad del flamenco en el mundo y su posibilidad de adaptaci\u00f3n a diversos g\u00e9neros.<\/p>\n\n\n\n<p>Conoce las todas las fechas del tour:<\/p>\n\n\n\n<p>3 de mayo &#8211;&nbsp;<strong>M\u00e9rida \/ Teatro Armando Manzanero<\/strong><br>4 de mayo &#8211;&nbsp;<strong>Canc\u00fan \/ Teatro Canc\u00fan<\/strong><br>9 de mayo &#8211;&nbsp;<strong>CDMX \/ Teatro de la Ciudad \u201cEsperanza Iris\u201d<\/strong><br>11 de mayo &#8211;<strong>&nbsp;Cuernavaca \/ Centro Cultural Teopanzolco<\/strong><br>14 de mayo &#8211;&nbsp;<strong>Puebla \/ Auditorio CCU<\/strong><br>17 de mayo &#8211;&nbsp;<strong>Torre\u00f3n \/ Teatro Nazas<\/strong><br>18 de mayo &#8211;&nbsp;<strong>Monterrey \/ Gran Sala del Teatro de la Ciudad &#8211; Conarte<\/strong><br>23 de mayo &#8211;&nbsp;<strong>Guadalajara \/ Teatro Galer\u00edas<\/strong><br>25 de mayo &#8211;&nbsp;<strong>Tijuana \/ El Foro Antiguo Palacio Jai Alai<\/strong><br>26 de mayo &#8211;&nbsp;<strong>Mexicali \/ Teatro del Estado<\/strong><\/p>\n","protected":false},"excerpt":{"rendered":"<p>Despu\u00e9s de estar de gira por Espa\u00f1a y por los Estados Unidos, el tour\u00a0Obras Maestras, show hom\u00f3nimo del \u00faltimo disco de estudio del cantaor\u00a0Diego El Cigala, llega a oficialmente M\u00e9xico &hellip; <a href=\"https:\/\/lavereda.com.mx\/index.php\/2024\/02\/14\/diego-el-cigala-regresa-a-torreon\/\" class=\"more-link\">Leer m\u00e1s<\/a><\/p>\n","protected":false},"author":9,"featured_media":5819,"comment_status":"open","ping_status":"open","sticky":false,"template":"","format":"standard","meta":{"footnotes":""},"categories":[2,18,4],"tags":[104,105,60],"class_list":["post-5818","post","type-post","status-publish","format-standard","has-post-thumbnail","hentry","category-artes-escenicas","category-lomasrelevante","category-musica","tag-el-cigala","tag-flamenco","tag-musica-2","entry"],"_links":{"self":[{"href":"https:\/\/lavereda.com.mx\/index.php\/wp-json\/wp\/v2\/posts\/5818","targetHints":{"allow":["GET"]}}],"collection":[{"href":"https:\/\/lavereda.com.mx\/index.php\/wp-json\/wp\/v2\/posts"}],"about":[{"href":"https:\/\/lavereda.com.mx\/index.php\/wp-json\/wp\/v2\/types\/post"}],"author":[{"embeddable":true,"href":"https:\/\/lavereda.com.mx\/index.php\/wp-json\/wp\/v2\/users\/9"}],"replies":[{"embeddable":true,"href":"https:\/\/lavereda.com.mx\/index.php\/wp-json\/wp\/v2\/comments?post=5818"}],"version-history":[{"count":2,"href":"https:\/\/lavereda.com.mx\/index.php\/wp-json\/wp\/v2\/posts\/5818\/revisions"}],"predecessor-version":[{"id":5821,"href":"https:\/\/lavereda.com.mx\/index.php\/wp-json\/wp\/v2\/posts\/5818\/revisions\/5821"}],"wp:featuredmedia":[{"embeddable":true,"href":"https:\/\/lavereda.com.mx\/index.php\/wp-json\/wp\/v2\/media\/5819"}],"wp:attachment":[{"href":"https:\/\/lavereda.com.mx\/index.php\/wp-json\/wp\/v2\/media?parent=5818"}],"wp:term":[{"taxonomy":"category","embeddable":true,"href":"https:\/\/lavereda.com.mx\/index.php\/wp-json\/wp\/v2\/categories?post=5818"},{"taxonomy":"post_tag","embeddable":true,"href":"https:\/\/lavereda.com.mx\/index.php\/wp-json\/wp\/v2\/tags?post=5818"}],"curies":[{"name":"wp","href":"https:\/\/api.w.org\/{rel}","templated":true}]}}