{"id":581,"date":"2020-09-11T15:00:09","date_gmt":"2020-09-11T15:00:09","guid":{"rendered":"http:\/\/lavereda.com.mx\/?p=581"},"modified":"2020-09-13T16:19:21","modified_gmt":"2020-09-13T16:19:21","slug":"causa-expectativa-el-paris-de-modigliani","status":"publish","type":"post","link":"https:\/\/lavereda.com.mx\/index.php\/2020\/09\/11\/causa-expectativa-el-paris-de-modigliani\/","title":{"rendered":"Causa expectativa: El Par\u00eds de Modigliani"},"content":{"rendered":"\n<p>Ciudad de M\u00e9xico.- Con una invitaci\u00f3n a disfrutar el arte como una forma de afrontar la adversidad que impuls\u00f3 la actual contingencia sanitaria,  este mes de septiembre abri\u00f3 al p\u00fablico la magna exposici\u00f3n El Par\u00eds de Modigliani y sus contempor\u00e1neos en el Museo del Palacio de Bellas Artes.&nbsp;<\/p>\n\n\n\n<p>En la apertura de esta muestra, que permanecer\u00e1 hasta diciembre pr\u00f3ximo, Beatriz Guti\u00e9rrez M\u00fcller expres\u00f3 que en la exposici\u00f3n se podr\u00e1 ver el dolor y la dicha transmitida en las obras de Modigliani, quien falleci\u00f3 a causa de una pandemia y ahora es sobreviviente (figurado) de la pandemia del siglo XXI. &nbsp;<\/p>\n\n\n\n<blockquote class=\"wp-block-quote is-layout-flow wp-block-quote-is-layout-flow\"><p>\u201cNos da much\u00edsimo gusto recibir a este gran artista y a todos los que pertenecieron a esta \u00e9poca pict\u00f3rica, de creaci\u00f3n, quienes asum\u00edan ese realismo de las calles de Par\u00eds\u201d, dijo.<\/p><\/blockquote>\n\n\n\n<p>Al hacer un reconocimiento al personal m\u00e9dico del pa\u00eds, que enfrenta al COVID-19, Guti\u00e9rrez M\u00fcller expres\u00f3 que luego de meses de confinamiento es importante salir y conocer lo que existe m\u00e1s all\u00e1 de nuestras casas y lo que guardan los grandes museos que tiene M\u00e9xico, siempre guardando las medidas sanitarias necesarias. &nbsp;<\/p>\n\n\n\n<p>Al respecto, la secretar\u00eda de Cultura del Gobierno de M\u00e9xico, Alejandra Frausto Guerrero, afirm\u00f3 que \u00e9ste es un d\u00eda de celebraci\u00f3n y hay que agradecer a mucha gente, ya que El Par\u00eds de Modigliani tiene su car\u00e1cter po\u00e9tico: \u201ces una exposici\u00f3n que se qued\u00f3 en el silencio, se qued\u00f3 en la oscuridad\u201d y hoy reabre el Museo del Palacio de Bellas Artes.&nbsp;<\/p>\n\n\n\n<blockquote class=\"wp-block-quote is-layout-flow wp-block-quote-is-layout-flow\"><p>\u201cLo que nos llev\u00f3 a cerrar las puertas en estos meses fue una crisis que nos uni\u00f3 como humanidad y que nos hizo repensar muchas cosas, como imaginar distintas realidades, reflexionar sobre todo aquello que el arte busca como \u00faltimo fin: la libertad. Nosotros perdimos libertades en estos meses, pero la libertad de la creaci\u00f3n, de la imaginaci\u00f3n, no se puso en cuarentena y ah\u00ed tuvo mucho que ver la voluntad, la generosidad\u201d, dijo Frausto Guerrero.&nbsp;<\/p><\/blockquote>\n\n\n\n<p>La encargada de la pol\u00edtica cultural del pa\u00eds agreg\u00f3: \u201cImaginen ustedes aquellas obras que quiz\u00e1 coincidieron en alguno de los estudios de Montparnasse, de Modigliani, de Diego (Rivera), y se volvieron a encontrar aqu\u00ed, conversando de una caja a otra y haciendo memorias de lo que era el Par\u00eds de entonces\u201d.&nbsp;<\/p>\n\n\n\n<p>Consider\u00f3 que algo que se gan\u00f3 tambi\u00e9n en estos tiempos de pandemia y confinamiento fue \u201cun car\u00e1cter, un rasgo del humanismo; creo que estamos viviendo una \u00e9poca de un nuevo humanismo, porque nos volvimos a replantear todo y tiene que ver con la flexibilidad para entender realidades para las que no est\u00e1bamos preparados (\u2026) Es la b\u00fasqueda de la libertad, el reconocimiento de la fragilidad humana, lo que nos uni\u00f3 como humanidad\u201d.&nbsp;<\/p>\n\n\n\n<p>Tambi\u00e9n convoc\u00f3 a reconocer, con un aplauso, a las y los trabajadores que han hecho posible, con su compromiso, la reapertura de los recintos muse\u00edstico pertenecientes a la Red de Museos del INBAL.&nbsp;<\/p>\n\n\n\n<p><strong>El di\u00e1logo con el arte de M\u00e9xico&nbsp;<\/strong><\/p>\n\n\n\n<p>La exposici\u00f3n El Par\u00eds de Modigliani y sus contempor\u00e1neos es organizada como parte de los festejos del centenario del deceso del artista italiano Amedeo Modigliani (Livorno, 1884 \u2013 Par\u00eds, 1920), considerado uno de los artistas m\u00e1s relevantes del siglo XX en el mundo. &nbsp;<\/p>\n\n\n\n<p>Esta muestra, la cual fortalece los v\u00ednculos de colaboraci\u00f3n internacionales, estaba prevista desde el pasado 27 de marzo, considerada as\u00ed una de las m\u00e1s importantes del a\u00f1o y en la celebraci\u00f3n del centenario del artista italiano, re\u00fane un total de 143 pinturas, 11 dibujos, cuatro libros, dos m\u00e1scaras y cuatro reproducciones fotogr\u00e1ficas.&nbsp;<\/p>\n\n\n\n<p>Las piezas proceden en su mayor\u00eda de cuatro instituciones internacionales, principalmente la Colecci\u00f3n Jonas Netter, as\u00ed como de colecciones nacionales del Museo Soumaya, el Instituto Estatal de la Cultura de Guanajuato y el Instituto Veracruzano de la Cultura, adem\u00e1s del Museo Nacional de Arte, el Museo Frida Kahlo \u201cCasa Azul\u201d, la Capilla Alfonsina y el Museo Nacional de las Culturas del Mundo, entre otras.&nbsp;<\/p>\n\n\n\n<p><\/p>\n","protected":false},"excerpt":{"rendered":"<p>Con una invitaci\u00f3n a disfrutar el arte como una forma de afrontar la adversidad que impuls\u00f3 la actual contingencia sanitaria<\/p>\n","protected":false},"author":1,"featured_media":582,"comment_status":"open","ping_status":"open","sticky":false,"template":"","format":"standard","meta":{"footnotes":""},"categories":[3,18],"tags":[],"class_list":["post-581","post","type-post","status-publish","format-standard","has-post-thumbnail","hentry","category-artes-visuales","category-lomasrelevante","entry"],"_links":{"self":[{"href":"https:\/\/lavereda.com.mx\/index.php\/wp-json\/wp\/v2\/posts\/581","targetHints":{"allow":["GET"]}}],"collection":[{"href":"https:\/\/lavereda.com.mx\/index.php\/wp-json\/wp\/v2\/posts"}],"about":[{"href":"https:\/\/lavereda.com.mx\/index.php\/wp-json\/wp\/v2\/types\/post"}],"author":[{"embeddable":true,"href":"https:\/\/lavereda.com.mx\/index.php\/wp-json\/wp\/v2\/users\/1"}],"replies":[{"embeddable":true,"href":"https:\/\/lavereda.com.mx\/index.php\/wp-json\/wp\/v2\/comments?post=581"}],"version-history":[{"count":3,"href":"https:\/\/lavereda.com.mx\/index.php\/wp-json\/wp\/v2\/posts\/581\/revisions"}],"predecessor-version":[{"id":598,"href":"https:\/\/lavereda.com.mx\/index.php\/wp-json\/wp\/v2\/posts\/581\/revisions\/598"}],"wp:featuredmedia":[{"embeddable":true,"href":"https:\/\/lavereda.com.mx\/index.php\/wp-json\/wp\/v2\/media\/582"}],"wp:attachment":[{"href":"https:\/\/lavereda.com.mx\/index.php\/wp-json\/wp\/v2\/media?parent=581"}],"wp:term":[{"taxonomy":"category","embeddable":true,"href":"https:\/\/lavereda.com.mx\/index.php\/wp-json\/wp\/v2\/categories?post=581"},{"taxonomy":"post_tag","embeddable":true,"href":"https:\/\/lavereda.com.mx\/index.php\/wp-json\/wp\/v2\/tags?post=581"}],"curies":[{"name":"wp","href":"https:\/\/api.w.org\/{rel}","templated":true}]}}