{"id":5793,"date":"2024-01-31T17:23:02","date_gmt":"2024-01-31T17:23:02","guid":{"rendered":"http:\/\/lavereda.com.mx\/?p=5793"},"modified":"2024-01-31T17:23:03","modified_gmt":"2024-01-31T17:23:03","slug":"presentan-tangos-de-la-vieja-guardia","status":"publish","type":"post","link":"https:\/\/lavereda.com.mx\/index.php\/2024\/01\/31\/presentan-tangos-de-la-vieja-guardia\/","title":{"rendered":"Presentan \u201cTangos de la vieja guardia\u201d"},"content":{"rendered":"\n<p>El mes de febrero inicia con tango en la Comarca Lagunera.<\/p>\n\n\n\n<p>Este jueves 1 de febrero se presentar\u00e1 \u201cTangos de la vieja guardia\u201d, un programa musical con la interpretaci\u00f3n de Salvador Garc\u00eda en la guitarra y Ra\u00fal J\u00e1quez en voz y bandone\u00f3n. La cita es en el Chiosco caf\u00e9 de La Casa La Morelos, en punto de las 20:00 horas, con entrada libre.<\/p>\n\n\n\n<p>Ra\u00fal J\u00e1quez, int\u00e9rprete de tango desde hace m\u00e1s de 20 a\u00f1os, coment\u00f3 que en esta noche contar\u00e1 con un programa de autores como: C\u00e1tulo Castillo, Homero y Virgilio Exp\u00f3sito, Enrique Santos Disc\u00e9polo, Carlos Gardel, An\u00edbal Troilo, entre otros.<\/p>\n\n\n\n<p>Dijo que en los \u00faltimos a\u00f1os ha ido aumentando el gusto por este g\u00e9nero en la regi\u00f3n y adelant\u00f3 con este evento inician una serie de presentaciones para seguir promoviendo el tango en la Comarca.<\/p>\n\n\n\n<p>En su carrera, Ra\u00fal J\u00e1quez ha sido m\u00fasico ejecutante de acorde\u00f3n, bandone\u00f3n, trompeta y guitarra, compositor de canciones infantiles y maestro de m\u00fasica para ni\u00f1as y ni\u00f1os.<\/p>\n","protected":false},"excerpt":{"rendered":"<p>El mes de febrero inicia con tango en la Comarca Lagunera. Este jueves 1 de febrero se presentar\u00e1 \u201cTangos de la vieja guardia\u201d, un programa musical con la interpretaci\u00f3n de &hellip; <a href=\"https:\/\/lavereda.com.mx\/index.php\/2024\/01\/31\/presentan-tangos-de-la-vieja-guardia\/\" class=\"more-link\">Leer m\u00e1s<\/a><\/p>\n","protected":false},"author":9,"featured_media":5794,"comment_status":"open","ping_status":"open","sticky":false,"template":"","format":"standard","meta":{"footnotes":""},"categories":[18,4],"tags":[60,97,33],"class_list":["post-5793","post","type-post","status-publish","format-standard","has-post-thumbnail","hentry","category-lomasrelevante","category-musica","tag-musica-2","tag-tango","tag-torreon-2","entry"],"_links":{"self":[{"href":"https:\/\/lavereda.com.mx\/index.php\/wp-json\/wp\/v2\/posts\/5793","targetHints":{"allow":["GET"]}}],"collection":[{"href":"https:\/\/lavereda.com.mx\/index.php\/wp-json\/wp\/v2\/posts"}],"about":[{"href":"https:\/\/lavereda.com.mx\/index.php\/wp-json\/wp\/v2\/types\/post"}],"author":[{"embeddable":true,"href":"https:\/\/lavereda.com.mx\/index.php\/wp-json\/wp\/v2\/users\/9"}],"replies":[{"embeddable":true,"href":"https:\/\/lavereda.com.mx\/index.php\/wp-json\/wp\/v2\/comments?post=5793"}],"version-history":[{"count":1,"href":"https:\/\/lavereda.com.mx\/index.php\/wp-json\/wp\/v2\/posts\/5793\/revisions"}],"predecessor-version":[{"id":5795,"href":"https:\/\/lavereda.com.mx\/index.php\/wp-json\/wp\/v2\/posts\/5793\/revisions\/5795"}],"wp:featuredmedia":[{"embeddable":true,"href":"https:\/\/lavereda.com.mx\/index.php\/wp-json\/wp\/v2\/media\/5794"}],"wp:attachment":[{"href":"https:\/\/lavereda.com.mx\/index.php\/wp-json\/wp\/v2\/media?parent=5793"}],"wp:term":[{"taxonomy":"category","embeddable":true,"href":"https:\/\/lavereda.com.mx\/index.php\/wp-json\/wp\/v2\/categories?post=5793"},{"taxonomy":"post_tag","embeddable":true,"href":"https:\/\/lavereda.com.mx\/index.php\/wp-json\/wp\/v2\/tags?post=5793"}],"curies":[{"name":"wp","href":"https:\/\/api.w.org\/{rel}","templated":true}]}}