{"id":5789,"date":"2024-01-30T03:54:01","date_gmt":"2024-01-30T03:54:01","guid":{"rendered":"http:\/\/lavereda.com.mx\/?p=5789"},"modified":"2024-01-30T03:54:02","modified_gmt":"2024-01-30T03:54:02","slug":"enero","status":"publish","type":"post","link":"https:\/\/lavereda.com.mx\/index.php\/2024\/01\/30\/enero\/","title":{"rendered":"Enero"},"content":{"rendered":"\n<p>Ya s\u00e9 que a nadie le importa que lleves cuatro d\u00edas enferma del est\u00f3mago, despu\u00e9s de una semana de gripa y de infecci\u00f3n en el o\u00eddo. El mundo afuera est\u00e1 hecho pedazos, falta alimentaci\u00f3n, seguridad, integraci\u00f3n familiar, empleo\u2026 y t\u00fa te preocupas porque el caf\u00e9 no sabe igual que antier o que la semana pasada y no lo disfrutas de la misma manera porque ni siquiera deber\u00edas de tomarlo.<\/p>\n\n\n\n<p>Porque pocas cosas producen tanto bienestar como el caf\u00e9 en invierno, el caf\u00e9 en un enero fr\u00edo, eterno, un poco descafeinado, incierto o revelador. Pero enero sigue siendo eso: el balde de agua fr\u00eda con el que tenemos que comenzar el a\u00f1o, ese espacio en el que tenemos que salir de las cobijas, aunque queramos prolongar el regocijo del descanso o de la comodidad de no pensar en nada.<\/p>\n\n\n\n<p>Es el miedo a que la casa siga fr\u00eda, que se acabe el gas, que los calentadores no sean suficientes. Pero, sobre todo, el miedo a los cambios, a eso para lo que no est\u00e1s preparada o no crees estarlo. Enero es como una gripa mal curada, como salas de cine semi vac\u00edas, como supermercados con precios hasta el cielo y rostros con se\u00f1as de \u201cesto es lo que hay, ni modo\u201d.<\/p>\n\n\n\n<p>Enero te pone a prueba, te enfermas una y otra vez. Te sientes m\u00e1s sola que en diciembre y que en octubre, casi no ves a tus amigas, a veces escriben, todo mundo est\u00e1 tratando de acostumbrarse de nuevo, a una rutina que no sea solo eso, el d\u00eda a d\u00eda de las tareas pendientes.<\/p>\n\n\n\n<p>Una rutina donde quede espacio para disfrutar el cielo \u00e1mbar de la tarde o la luna, que en estos d\u00edas contrasta con el fr\u00edo y el triste ambiente. La luna resplandece, es que nada puede ser tan malo con esta luna. \u00bfNo creen?<\/p>\n\n\n\n<p>S\u00e9 que el calendario avanza, que vendr\u00e1n meses, d\u00edas, semanas mejores y que el caf\u00e9 volver\u00e1 a ser disfrutable. As\u00ed sea.<\/p>\n\n\n\n<p><em>Twitter @Lavargasadri<\/em><\/p>\n","protected":false},"excerpt":{"rendered":"<p>Ya s\u00e9 que a nadie le importa que lleves cuatro d\u00edas enferma del est\u00f3mago, despu\u00e9s de una semana de gripa y de infecci\u00f3n en el o\u00eddo. El mundo afuera est\u00e1 &hellip; <a href=\"https:\/\/lavereda.com.mx\/index.php\/2024\/01\/30\/enero\/\" class=\"more-link\">Leer m\u00e1s<\/a><\/p>\n","protected":false},"author":9,"featured_media":5043,"comment_status":"open","ping_status":"open","sticky":false,"template":"","format":"standard","meta":{"footnotes":""},"categories":[18,9],"tags":[95,96],"class_list":["post-5789","post","type-post","status-publish","format-standard","has-post-thumbnail","hentry","category-lomasrelevante","category-opinion","tag-articulo","tag-enero","entry"],"_links":{"self":[{"href":"https:\/\/lavereda.com.mx\/index.php\/wp-json\/wp\/v2\/posts\/5789","targetHints":{"allow":["GET"]}}],"collection":[{"href":"https:\/\/lavereda.com.mx\/index.php\/wp-json\/wp\/v2\/posts"}],"about":[{"href":"https:\/\/lavereda.com.mx\/index.php\/wp-json\/wp\/v2\/types\/post"}],"author":[{"embeddable":true,"href":"https:\/\/lavereda.com.mx\/index.php\/wp-json\/wp\/v2\/users\/9"}],"replies":[{"embeddable":true,"href":"https:\/\/lavereda.com.mx\/index.php\/wp-json\/wp\/v2\/comments?post=5789"}],"version-history":[{"count":2,"href":"https:\/\/lavereda.com.mx\/index.php\/wp-json\/wp\/v2\/posts\/5789\/revisions"}],"predecessor-version":[{"id":5791,"href":"https:\/\/lavereda.com.mx\/index.php\/wp-json\/wp\/v2\/posts\/5789\/revisions\/5791"}],"wp:featuredmedia":[{"embeddable":true,"href":"https:\/\/lavereda.com.mx\/index.php\/wp-json\/wp\/v2\/media\/5043"}],"wp:attachment":[{"href":"https:\/\/lavereda.com.mx\/index.php\/wp-json\/wp\/v2\/media?parent=5789"}],"wp:term":[{"taxonomy":"category","embeddable":true,"href":"https:\/\/lavereda.com.mx\/index.php\/wp-json\/wp\/v2\/categories?post=5789"},{"taxonomy":"post_tag","embeddable":true,"href":"https:\/\/lavereda.com.mx\/index.php\/wp-json\/wp\/v2\/tags?post=5789"}],"curies":[{"name":"wp","href":"https:\/\/api.w.org\/{rel}","templated":true}]}}