{"id":5783,"date":"2024-01-28T03:17:00","date_gmt":"2024-01-28T03:17:00","guid":{"rendered":"http:\/\/lavereda.com.mx\/?p=5783"},"modified":"2024-01-28T03:24:02","modified_gmt":"2024-01-28T03:24:02","slug":"el-centro-de-artes-del-norte-abre-nuevos-diplomados","status":"publish","type":"post","link":"https:\/\/lavereda.com.mx\/index.php\/2024\/01\/28\/el-centro-de-artes-del-norte-abre-nuevos-diplomados\/","title":{"rendered":"El Centro de Artes del Norte abre nuevos diplomados"},"content":{"rendered":"\n<p>El Centro de Artes del Norte (CAN) con sede en Casa la Morelos, inicia este 2024 una nueva oferta educativa. Contin\u00faa el diplomado en artes visuales con duraci\u00f3n de 3 a\u00f1os e inician dos diplomados m\u00e1s: fotograf\u00eda y arte digital y un dipomado en curadur\u00eda, adem\u00e1s de un extenso programa de iniciaci\u00f3n a las artes.<\/p>\n\n\n\n<p>Alfredo Esparza, artista visual y maestro del CAN, coment\u00f3 en entrevista que &nbsp;los profesores son muy serios y comprometidos. \u201cTienen una gran experiencia, esto permite que los alumnos tengan acercamiento a muchas disciplinas en el diplomado en tres a\u00f1os, abordan la pintura acompa\u00f1ada de otras herramientas, como la escultura y la fotograf\u00eda\u201d.<\/p>\n\n\n\n<p>&nbsp;\u201cEs un programa que abarca planteamientos modernos y contempor\u00e1neos sobre el arte, es una escuela que tiene galer\u00eda de arte, es una experiencia muy integral, para vivir el ciclo de vida de las obras, desde la producci\u00f3n hasta que se exhiben\u201d, agreg\u00f3.<\/p>\n\n\n\n<p>\u00c9l opina que s\u00ed ha aumentado la profesionalizaci\u00f3n de las artes visuales en la regi\u00f3n, pero siempre puede mejorar. <\/p>\n\n\n\n<blockquote class=\"wp-block-quote is-layout-flow wp-block-quote-is-layout-flow\">\n<p>\u201cHay artistas que hacen cosas incre\u00edbles y muy serias, colegas que hacen trabajo desde su espacio, que ofrecen una oferta cultural diversa y plural, que suman al escenario de la regi\u00f3n. Hay una abundancia de espacios independientes, que ofrecen alternativas a lo que ofrece la cartelera cultural oficial\u201d.<\/p>\n<\/blockquote>\n\n\n\n<p>Alfredo Esparza considera que los espacios independientes son m\u00e1s receptivos a las necesidades de los artistas emergentes y del p\u00fablico, que las instituciones culturales del gobierno. Por eso surgen estos espacios como el CAN.<\/p>\n\n\n\n<p>Sobre la nueva oferta educativa, dijo que a la par del diplomado en fotograf\u00eda se abre el de curadur\u00eda de dos semestres, con la idea de profesionalizar las diferentes actividades que giran alrededor de las artes visuales. \u201cAprender todo lo necesario para que una exposici\u00f3n quede de la mejor manera posible, tomar decisiones museogr\u00e1ficas\u201d.<\/p>\n\n\n\n<p>Las clases inician el 8 de febrero en Casa la Morelos, ubicada en el centro hist\u00f3rico en la emblem\u00e1tica avenida Morelos.<\/p>\n\n\n\n<figure class=\"wp-block-image size-large is-resized\"><img fetchpriority=\"high\" decoding=\"async\" width=\"768\" height=\"1024\" src=\"https:\/\/lavereda.com.mx\/wp-content\/uploads\/2024\/01\/WhatsApp-Image-2024-01-26-at-1.26.54-PM-768x1024.jpeg\" alt=\"\" class=\"wp-image-5784\" style=\"width:384px;height:auto\" srcset=\"https:\/\/lavereda.com.mx\/wp-content\/uploads\/2024\/01\/WhatsApp-Image-2024-01-26-at-1.26.54-PM-768x1024.jpeg 768w, https:\/\/lavereda.com.mx\/wp-content\/uploads\/2024\/01\/WhatsApp-Image-2024-01-26-at-1.26.54-PM-225x300.jpeg 225w, https:\/\/lavereda.com.mx\/wp-content\/uploads\/2024\/01\/WhatsApp-Image-2024-01-26-at-1.26.54-PM.jpeg 1000w\" sizes=\"(max-width: 768px) 100vw, 768px\" \/><\/figure>\n","protected":false},"excerpt":{"rendered":"<p>El Centro de Artes del Norte (CAN) con sede en Casa la Morelos, inicia este 2024 una nueva oferta educativa. Contin\u00faa el diplomado en artes visuales con duraci\u00f3n de 3 &hellip; <a href=\"https:\/\/lavereda.com.mx\/index.php\/2024\/01\/28\/el-centro-de-artes-del-norte-abre-nuevos-diplomados\/\" class=\"more-link\">Leer m\u00e1s<\/a><\/p>\n","protected":false},"author":9,"featured_media":5787,"comment_status":"open","ping_status":"open","sticky":false,"template":"","format":"standard","meta":{"footnotes":""},"categories":[3,18],"tags":[62,94,33],"class_list":["post-5783","post","type-post","status-publish","format-standard","has-post-thumbnail","hentry","category-artes-visuales","category-lomasrelevante","tag-arte","tag-coahuila","tag-torreon-2","entry"],"_links":{"self":[{"href":"https:\/\/lavereda.com.mx\/index.php\/wp-json\/wp\/v2\/posts\/5783","targetHints":{"allow":["GET"]}}],"collection":[{"href":"https:\/\/lavereda.com.mx\/index.php\/wp-json\/wp\/v2\/posts"}],"about":[{"href":"https:\/\/lavereda.com.mx\/index.php\/wp-json\/wp\/v2\/types\/post"}],"author":[{"embeddable":true,"href":"https:\/\/lavereda.com.mx\/index.php\/wp-json\/wp\/v2\/users\/9"}],"replies":[{"embeddable":true,"href":"https:\/\/lavereda.com.mx\/index.php\/wp-json\/wp\/v2\/comments?post=5783"}],"version-history":[{"count":2,"href":"https:\/\/lavereda.com.mx\/index.php\/wp-json\/wp\/v2\/posts\/5783\/revisions"}],"predecessor-version":[{"id":5788,"href":"https:\/\/lavereda.com.mx\/index.php\/wp-json\/wp\/v2\/posts\/5783\/revisions\/5788"}],"wp:featuredmedia":[{"embeddable":true,"href":"https:\/\/lavereda.com.mx\/index.php\/wp-json\/wp\/v2\/media\/5787"}],"wp:attachment":[{"href":"https:\/\/lavereda.com.mx\/index.php\/wp-json\/wp\/v2\/media?parent=5783"}],"wp:term":[{"taxonomy":"category","embeddable":true,"href":"https:\/\/lavereda.com.mx\/index.php\/wp-json\/wp\/v2\/categories?post=5783"},{"taxonomy":"post_tag","embeddable":true,"href":"https:\/\/lavereda.com.mx\/index.php\/wp-json\/wp\/v2\/tags?post=5783"}],"curies":[{"name":"wp","href":"https:\/\/api.w.org\/{rel}","templated":true}]}}