{"id":5780,"date":"2024-01-28T02:37:00","date_gmt":"2024-01-28T02:37:00","guid":{"rendered":"http:\/\/lavereda.com.mx\/?p=5780"},"modified":"2024-01-28T02:37:01","modified_gmt":"2024-01-28T02:37:01","slug":"slow-horses-temporada-1","status":"publish","type":"post","link":"https:\/\/lavereda.com.mx\/index.php\/2024\/01\/28\/slow-horses-temporada-1\/","title":{"rendered":"Slow Horses, Temporada 1"},"content":{"rendered":"\n<p>Slow Horses, Temporada 1, 2022<\/p>\n\n\n\n<p>Apple TV+<\/p>\n\n\n\n<p>Lamb (Gary Oldman) es el l\u00edder de una banda de esp\u00edas perdedores que fueron degradados, por incompetentes, dentro de los servicios secretos de Inglaterra.<\/p>\n\n\n\n<p>Se les conoce como los Caballos Lentos, porque son pr\u00e1cticamente in\u00fatiles. Todos han ido a parar a la secci\u00f3n en la que recalan los agentes que han fallado en alguna misi\u00f3n.<\/p>\n\n\n\n<p>Sus ocupaciones son menores y Lamb es una estrella del espionaje venido a menos, pues es alcoh\u00f3lico, sin hogar y bastante grosero. Aunque en su juventud fue muy efectivo en su labor, como se ve cuando se activa.<\/p>\n\n\n\n<p>Todos se ven involucrados, de pronto, en un operativo de repercusi\u00f3n internacional, que no pueden resolver los m\u00e1s brillantes elementos del MI5 londinense.<\/p>\n\n\n\n<p>Esta primera temporada de seis cap\u00edtulos, es una historia de espionaje, mezclado con comedia y mucha acci\u00f3n.<\/p>\n\n\n\n<p>Es interesante, y vale la pena por ver a Oldman y a Kristin Scott Thomas, en el papel de fr\u00eda jefa de servicios secretos.<\/p>\n\n\n\n<p>(R. Restringido; menores de 17 deben estar acompa\u00f1ados de sus padres)<\/p>\n\n\n\n<p>@LucianoCamposG<\/p>\n\n\n\n<figure class=\"wp-block-embed is-type-video is-provider-youtube wp-block-embed-youtube wp-embed-aspect-16-9 wp-has-aspect-ratio\"><div class=\"wp-block-embed__wrapper\">\n<iframe title=\"Slow Horses (Apple TV+) - Tr\u00e1iler espa\u00f1ol (HD)\" width=\"1170\" height=\"658\" src=\"https:\/\/www.youtube.com\/embed\/PNGAe1tsGr0?feature=oembed\" frameborder=\"0\" allow=\"accelerometer; autoplay; clipboard-write; encrypted-media; gyroscope; picture-in-picture; web-share\" allowfullscreen><\/iframe>\n<\/div><\/figure>\n","protected":false},"excerpt":{"rendered":"<p>Slow Horses, Temporada 1, 2022 Apple TV+ Lamb (Gary Oldman) es el l\u00edder de una banda de esp\u00edas perdedores que fueron degradados, por incompetentes, dentro de los servicios secretos de &hellip; <a href=\"https:\/\/lavereda.com.mx\/index.php\/2024\/01\/28\/slow-horses-temporada-1\/\" class=\"more-link\">Leer m\u00e1s<\/a><\/p>\n","protected":false},"author":3,"featured_media":5781,"comment_status":"open","ping_status":"open","sticky":false,"template":"","format":"standard","meta":{"footnotes":""},"categories":[6,7],"tags":[68],"class_list":["post-5780","post","type-post","status-publish","format-standard","has-post-thumbnail","hentry","category-cinetv","category-entretenimiento","tag-series","entry"],"_links":{"self":[{"href":"https:\/\/lavereda.com.mx\/index.php\/wp-json\/wp\/v2\/posts\/5780","targetHints":{"allow":["GET"]}}],"collection":[{"href":"https:\/\/lavereda.com.mx\/index.php\/wp-json\/wp\/v2\/posts"}],"about":[{"href":"https:\/\/lavereda.com.mx\/index.php\/wp-json\/wp\/v2\/types\/post"}],"author":[{"embeddable":true,"href":"https:\/\/lavereda.com.mx\/index.php\/wp-json\/wp\/v2\/users\/3"}],"replies":[{"embeddable":true,"href":"https:\/\/lavereda.com.mx\/index.php\/wp-json\/wp\/v2\/comments?post=5780"}],"version-history":[{"count":1,"href":"https:\/\/lavereda.com.mx\/index.php\/wp-json\/wp\/v2\/posts\/5780\/revisions"}],"predecessor-version":[{"id":5782,"href":"https:\/\/lavereda.com.mx\/index.php\/wp-json\/wp\/v2\/posts\/5780\/revisions\/5782"}],"wp:featuredmedia":[{"embeddable":true,"href":"https:\/\/lavereda.com.mx\/index.php\/wp-json\/wp\/v2\/media\/5781"}],"wp:attachment":[{"href":"https:\/\/lavereda.com.mx\/index.php\/wp-json\/wp\/v2\/media?parent=5780"}],"wp:term":[{"taxonomy":"category","embeddable":true,"href":"https:\/\/lavereda.com.mx\/index.php\/wp-json\/wp\/v2\/categories?post=5780"},{"taxonomy":"post_tag","embeddable":true,"href":"https:\/\/lavereda.com.mx\/index.php\/wp-json\/wp\/v2\/tags?post=5780"}],"curies":[{"name":"wp","href":"https:\/\/api.w.org\/{rel}","templated":true}]}}