{"id":5773,"date":"2024-01-26T01:31:49","date_gmt":"2024-01-26T01:31:49","guid":{"rendered":"http:\/\/lavereda.com.mx\/?p=5773"},"modified":"2024-01-26T01:31:50","modified_gmt":"2024-01-26T01:31:50","slug":"presentan-libro-sobre-la-segregacion-residencial","status":"publish","type":"post","link":"https:\/\/lavereda.com.mx\/index.php\/2024\/01\/26\/presentan-libro-sobre-la-segregacion-residencial\/","title":{"rendered":"Presentan libro sobre la segregaci\u00f3n residencial"},"content":{"rendered":"\n<p>\u201cSegregaci\u00f3n residencial en el campo social, an\u00e1lisis de la zona urbana de Torre\u00f3n\u201d, es un trabajo acad\u00e9mico del maestro Jes\u00fas Abraham Salazar Valdez, que ser\u00e1 presentado el pr\u00f3ximo viernes 26 de enero, en las instalaciones del Archivo Municipal.<\/p>\n\n\n\n<p>Cinthia Gaspar Montero, directora de la dependencia, inform\u00f3 que el evento contar\u00e1 con la participaci\u00f3n de la doctora Mar\u00eda Magdalena G\u00f3mez Guijarro como moderadora, adem\u00e1s del an\u00e1lisis de los doctores Jos\u00e9 Soto Balderas y Jorge Villanueva Sol\u00eds.<\/p>\n\n\n\n<p>Adem\u00e1s, se\u00f1al\u00f3 que se realiza en coordinaci\u00f3n con el Centro de Investigaci\u00f3n en Ciencias Sociales (CICS), de la Universidad Aut\u00f3noma de Coahuila (UA de C).<\/p>\n\n\n\n<p>Es la segunda presentaci\u00f3n de libros que tiene programado el Archivo Municipal en el a\u00f1o y se desarrollar\u00e1 a las 18:00 horas.<\/p>\n\n\n\n<p>\u201cEsta investigaci\u00f3n contribuye a la discusi\u00f3n sobre c\u00f3mo la ciudad experimenta transformaciones sociales del espacio urbano a partir de mecanismos de segregaci\u00f3n residencial, fen\u00f3meno que fragmenta el espacio social en sectores urbanos con repercusiones en la diferenciaci\u00f3n, desigualdad y distribuci\u00f3n de la poblaci\u00f3n entre las diferentes zonas urbanas de la ciudad\u201d, comparti\u00f3 la titular.<\/p>\n\n\n\n<p>El autor Jes\u00fas Abraham Salazar Valadez, es licenciado en Sociolog\u00eda, actualmente ocupa el cargo de director de competitividad sectorial en el Instituto Municipal de Planeaci\u00f3n y Competitividad de Torre\u00f3n (IMPLAN), donde ha generado distintos proyectos de desarrollo para el organismo y el municipio.<\/p>\n\n\n\n<p>Es miembro de la Comunidad emergente de investigaci\u00f3n CEI-Noas y colaborador del cuerpo acad\u00e9mico, pol\u00edtica y sociedad de la Facultad de Ciencias Pol\u00edticas y Sociales (FCPyS) de la UA de C. Se ha especializado en diversos temas de la sociolog\u00eda urbana como la producci\u00f3n social de la vivienda, la planeaci\u00f3n estrat\u00e9gica territorial, los procesos de desigualdad socioespacial y el campo social.<\/p>\n","protected":false},"excerpt":{"rendered":"<p>\u201cSegregaci\u00f3n residencial en el campo social, an\u00e1lisis de la zona urbana de Torre\u00f3n\u201d, es un trabajo acad\u00e9mico del maestro Jes\u00fas Abraham Salazar Valdez, que ser\u00e1 presentado el pr\u00f3ximo viernes 26 &hellip; <a href=\"https:\/\/lavereda.com.mx\/index.php\/2024\/01\/26\/presentan-libro-sobre-la-segregacion-residencial\/\" class=\"more-link\">Leer m\u00e1s<\/a><\/p>\n","protected":false},"author":1,"featured_media":5774,"comment_status":"open","ping_status":"open","sticky":false,"template":"","format":"standard","meta":{"footnotes":""},"categories":[5,18],"tags":[],"class_list":["post-5773","post","type-post","status-publish","format-standard","has-post-thumbnail","hentry","category-letras-y-libros","category-lomasrelevante","entry"],"_links":{"self":[{"href":"https:\/\/lavereda.com.mx\/index.php\/wp-json\/wp\/v2\/posts\/5773","targetHints":{"allow":["GET"]}}],"collection":[{"href":"https:\/\/lavereda.com.mx\/index.php\/wp-json\/wp\/v2\/posts"}],"about":[{"href":"https:\/\/lavereda.com.mx\/index.php\/wp-json\/wp\/v2\/types\/post"}],"author":[{"embeddable":true,"href":"https:\/\/lavereda.com.mx\/index.php\/wp-json\/wp\/v2\/users\/1"}],"replies":[{"embeddable":true,"href":"https:\/\/lavereda.com.mx\/index.php\/wp-json\/wp\/v2\/comments?post=5773"}],"version-history":[{"count":1,"href":"https:\/\/lavereda.com.mx\/index.php\/wp-json\/wp\/v2\/posts\/5773\/revisions"}],"predecessor-version":[{"id":5775,"href":"https:\/\/lavereda.com.mx\/index.php\/wp-json\/wp\/v2\/posts\/5773\/revisions\/5775"}],"wp:featuredmedia":[{"embeddable":true,"href":"https:\/\/lavereda.com.mx\/index.php\/wp-json\/wp\/v2\/media\/5774"}],"wp:attachment":[{"href":"https:\/\/lavereda.com.mx\/index.php\/wp-json\/wp\/v2\/media?parent=5773"}],"wp:term":[{"taxonomy":"category","embeddable":true,"href":"https:\/\/lavereda.com.mx\/index.php\/wp-json\/wp\/v2\/categories?post=5773"},{"taxonomy":"post_tag","embeddable":true,"href":"https:\/\/lavereda.com.mx\/index.php\/wp-json\/wp\/v2\/tags?post=5773"}],"curies":[{"name":"wp","href":"https:\/\/api.w.org\/{rel}","templated":true}]}}