{"id":5759,"date":"2024-01-21T18:14:29","date_gmt":"2024-01-21T18:14:29","guid":{"rendered":"http:\/\/lavereda.com.mx\/?p=5759"},"modified":"2024-01-21T18:14:29","modified_gmt":"2024-01-21T18:14:29","slug":"torreon-se-prepara-para-el-gran-eclipse-solar","status":"publish","type":"post","link":"https:\/\/lavereda.com.mx\/index.php\/2024\/01\/21\/torreon-se-prepara-para-el-gran-eclipse-solar\/","title":{"rendered":"Torre\u00f3n se prepara para el gran eclipse solar"},"content":{"rendered":"\n<p>Torre\u00f3n ha sido declarada por la Nasa como ciudad sede para la transmisi\u00f3n del eclipse solar 2024, el pr\u00f3ximo 8 de abril. Por ello, el Planetarium Torre\u00f3n inform\u00f3 que personal de esta instituci\u00f3n visitar\u00e1 la ciudad para realizar pruebas piloto hacia este gran fen\u00f3meno.<\/p>\n\n\n\n<p>El 8 de abril se buscar\u00e1 tener m\u00e1s de 200 sitios de observaci\u00f3n gratuita en Torre\u00f3n, pues es un suceso que no se repetir\u00e1 en 200 a\u00f1os.&nbsp; La duraci\u00f3n del eclipse ser\u00e1 de poco m\u00e1s de 4 minutos y ser\u00e1 un suceso tur\u00edstico muy importante para la ciudad.<br><br>Eduardo Hern\u00e1ndez, director del Planetarium, inform\u00f3 que se capacitar\u00e1 al personal, mismos que llevan prepar\u00e1ndose desde el a\u00f1o 2018. Son 12 trabajadores de base, 45 gu\u00edas y 28 personas de la sociedad astron\u00f3mica de la Laguna quienes ser\u00e1n capacitados del 25 al 30 de enero.<\/p>\n\n\n\n<p>Habr\u00e1 distintas sedes para disfrutar del eclipse, pero tan solo en el&nbsp;Planetarium de Torre\u00f3n, ubicado al interior del Bosque Urbano, esperan la visita de m\u00e1s de 35 mil personas.<br><br>Otros&nbsp;espacios p\u00fablicos y culturales como el Puerto Noas, la Plaza Mayor, algunos museos, entre otros, contar\u00e1n con filtros especiales para que los laguneros y visitantes de otras ciudades, puedan observar el eclipse con seguridad.<\/p>\n\n\n\n<p>En esta p\u00e1gina web se puede conocer informaci\u00f3n en torno al eclipse 2024, en el que La Laguna ser\u00e1 un punto de privilegiado de observaci\u00f3n:<\/p>\n\n\n\n<figure class=\"wp-block-embed\"><div class=\"wp-block-embed__wrapper\">\nhttps:\/\/eclipse2024.org\/\n<\/div><\/figure>\n","protected":false},"excerpt":{"rendered":"<p>Torre\u00f3n ha sido declarada por la Nasa como ciudad sede para la transmisi\u00f3n del eclipse solar 2024, el pr\u00f3ximo 8 de abril. Por ello, el Planetarium Torre\u00f3n inform\u00f3 que personal &hellip; <a href=\"https:\/\/lavereda.com.mx\/index.php\/2024\/01\/21\/torreon-se-prepara-para-el-gran-eclipse-solar\/\" class=\"more-link\">Leer m\u00e1s<\/a><\/p>\n","protected":false},"author":9,"featured_media":5760,"comment_status":"open","ping_status":"open","sticky":false,"template":"","format":"standard","meta":{"footnotes":""},"categories":[7,8],"tags":[92,30],"class_list":["post-5759","post","type-post","status-publish","format-standard","has-post-thumbnail","hentry","category-entretenimiento","category-sociedad","tag-eclipse","tag-torreon","entry"],"_links":{"self":[{"href":"https:\/\/lavereda.com.mx\/index.php\/wp-json\/wp\/v2\/posts\/5759","targetHints":{"allow":["GET"]}}],"collection":[{"href":"https:\/\/lavereda.com.mx\/index.php\/wp-json\/wp\/v2\/posts"}],"about":[{"href":"https:\/\/lavereda.com.mx\/index.php\/wp-json\/wp\/v2\/types\/post"}],"author":[{"embeddable":true,"href":"https:\/\/lavereda.com.mx\/index.php\/wp-json\/wp\/v2\/users\/9"}],"replies":[{"embeddable":true,"href":"https:\/\/lavereda.com.mx\/index.php\/wp-json\/wp\/v2\/comments?post=5759"}],"version-history":[{"count":1,"href":"https:\/\/lavereda.com.mx\/index.php\/wp-json\/wp\/v2\/posts\/5759\/revisions"}],"predecessor-version":[{"id":5761,"href":"https:\/\/lavereda.com.mx\/index.php\/wp-json\/wp\/v2\/posts\/5759\/revisions\/5761"}],"wp:featuredmedia":[{"embeddable":true,"href":"https:\/\/lavereda.com.mx\/index.php\/wp-json\/wp\/v2\/media\/5760"}],"wp:attachment":[{"href":"https:\/\/lavereda.com.mx\/index.php\/wp-json\/wp\/v2\/media?parent=5759"}],"wp:term":[{"taxonomy":"category","embeddable":true,"href":"https:\/\/lavereda.com.mx\/index.php\/wp-json\/wp\/v2\/categories?post=5759"},{"taxonomy":"post_tag","embeddable":true,"href":"https:\/\/lavereda.com.mx\/index.php\/wp-json\/wp\/v2\/tags?post=5759"}],"curies":[{"name":"wp","href":"https:\/\/api.w.org\/{rel}","templated":true}]}}