{"id":5753,"date":"2024-01-19T01:15:35","date_gmt":"2024-01-19T01:15:35","guid":{"rendered":"http:\/\/lavereda.com.mx\/?p=5753"},"modified":"2024-01-19T01:15:35","modified_gmt":"2024-01-19T01:15:35","slug":"la-cineteca-nacional-celebra-50-anos-de-historia","status":"publish","type":"post","link":"https:\/\/lavereda.com.mx\/index.php\/2024\/01\/19\/la-cineteca-nacional-celebra-50-anos-de-historia\/","title":{"rendered":"La Cineteca Nacional celebra 50 a\u00f1os de historia\u00a0"},"content":{"rendered":"\n<p>Fue un jueves 17 de enero de 1974 que la Cineteca Nacional M\u00e9xico abri\u00f3 sus puertas al p\u00fablico, en aquel entonces construida en uno de los foros de los Estudios Churubusco, con la misi\u00f3n de impulsar la industria cinematogr\u00e1fica en M\u00e9xico y manteniendo dos objetivos fundamentales: preservar la memoria f\u00edlmica nacional, as\u00ed como promover la cultura cinematogr\u00e1fica de calidad en nuestro pa\u00eds.<\/p>\n\n\n\n<p>Ahora, 50 a\u00f1os despu\u00e9s, reubicada (tras el incendio de marzo de 1982) en la que fuera la Plaza de Los Compositores en Avenida M\u00e9xico Coyoac\u00e1n 389, lugar en el que ha transcurrido la mayor parte de su historia, celebrar\u00e1 durante todo el 2024 su quincuag\u00e9simo aniversario, ahora como instituci\u00f3n de la Secretar\u00eda de Cultura del Gobierno de M\u00e9xico.<\/p>\n\n\n\n<p>La celebraci\u00f3n inici\u00f3 este martes 16 de enero con la proyecci\u00f3n en 35 mm de\u00a0<em>El compadre Mendoza<\/em>\u00a0(1933), de Fernando de Fuentes y Juan Bustillo Oro, filme con el que se inaugur\u00f3 la Cineteca Nacional en 1974. En una funci\u00f3n en la que se dieron cita miembros de la comunidad cinematogr\u00e1fica y p\u00fablico en general, estuvieron presentes en representaci\u00f3n de la secretaria de Cultura del Gobierno de M\u00e9xico, Alejandra Fraustro Guerrero, la subsecretaria de Desarrollo Cultural, Marina N\u00fa\u00f1ez Bespalova; el director general de la Cineteca Nacional, Alejandro Pelayo Rangel, y la directora general del Instituto Mexicano de Cinematograf\u00eda (Imcine), Mar\u00eda Novaro Pe\u00f1aloza.<\/p>\n\n\n\n<p>La subsecretaria de desarrollo Cultural extendi\u00f3 su felicitaci\u00f3n a las y los trabajadores de la Cineteca Nacional por su labor, \u201cporque aqu\u00ed no nada m\u00e1s se exhibe; aqu\u00ed se preserva, aqu\u00ed se clasifica, aqu\u00ed se guarda, aqu\u00ed se restaura, esa labor es la que quiz\u00e1 distingue a esta Cineteca Nacional de los otros cines comerciales. Este es un espacio de libertad, que hay que cuidar y seguir acompa\u00f1ando. No duden, va a seguir recibiendo lo mejor del cine mexicano, lo mejor de sus espectadores y por supuesto, esos ojos j\u00f3venes que aqu\u00ed nunca han faltado\u201d.<\/p>\n\n\n\n<p>A su vez, Alejandro Pelayo Rangel, quien dio la bienvenida a este evento, record\u00f3 que las puertas de la Cineteca Nacional de aquel 1974 fueron \u201ccasi derribadas por un p\u00fablico hambriento de ver el estreno en M\u00e9xico de Naranja mec\u00e1nica de Stanley Kubrick.\u00a0 De ah\u00ed en adelante, la Cineteca ha seguido fiel a sus objetivos esenciales: la preservaci\u00f3n y restauraci\u00f3n de las obras cinematogr\u00e1ficas m\u00e1s significativas del cine mexicano y la exhibici\u00f3n de pel\u00edculas de contenido art\u00edstico y cultural\u201d.<\/p>\n\n\n\n<p>La celebraci\u00f3n continu\u00f3 con la proyecci\u00f3n de\u00a0<em>El compadre Mendoza<\/em>\u00a0(1933), la primera pel\u00edcula de 32 que conforman la Retrospectiva Fernando de Fuentes, evento con el que la Cineteca Nacional arranca los festejos por su aniversario, y para el cual, se cont\u00f3 con el apoyo de Filmoteca de la Universidad Nacional Aut\u00f3noma de M\u00e9xico (UNAM) para la exhibici\u00f3n de esta pel\u00edcula.\u00a0\u00a0<\/p>\n\n\n\n<p>Tambi\u00e9n, en el marco del 50 aniversario, se tendr\u00e1 el reestreno de<em>\u00a0Naranja Mec\u00e1nica<\/em>\u00a0(1970), de Stanley Kubrick, pel\u00edcula que form\u00f3 parte del ciclo inaugural de la Cineteca Nacional en aquel enero de 1974, a\u00f1o en el que parec\u00eda imposible verla en M\u00e9xico; sin embargo, el 15 de enero de ese mismo a\u00f1o se anunci\u00f3 su estreno en las salas del recinto. Una pel\u00edcula clasificaci\u00f3n \u201cD\u201d, que ha causado revuelo en todo el mundo, es vista en nuestro pa\u00eds gracias a la Cineteca Nacional.<\/p>\n\n\n\n<p><\/p>\n","protected":false},"excerpt":{"rendered":"<p>Fue un jueves 17 de enero de 1974 que la Cineteca Nacional M\u00e9xico abri\u00f3 sus puertas al p\u00fablico, en aquel entonces construida en uno de los foros de los Estudios &hellip; <a href=\"https:\/\/lavereda.com.mx\/index.php\/2024\/01\/19\/la-cineteca-nacional-celebra-50-anos-de-historia\/\" class=\"more-link\">Leer m\u00e1s<\/a><\/p>\n","protected":false},"author":1,"featured_media":5754,"comment_status":"open","ping_status":"open","sticky":false,"template":"","format":"standard","meta":{"footnotes":""},"categories":[6,18],"tags":[],"class_list":["post-5753","post","type-post","status-publish","format-standard","has-post-thumbnail","hentry","category-cinetv","category-lomasrelevante","entry"],"_links":{"self":[{"href":"https:\/\/lavereda.com.mx\/index.php\/wp-json\/wp\/v2\/posts\/5753","targetHints":{"allow":["GET"]}}],"collection":[{"href":"https:\/\/lavereda.com.mx\/index.php\/wp-json\/wp\/v2\/posts"}],"about":[{"href":"https:\/\/lavereda.com.mx\/index.php\/wp-json\/wp\/v2\/types\/post"}],"author":[{"embeddable":true,"href":"https:\/\/lavereda.com.mx\/index.php\/wp-json\/wp\/v2\/users\/1"}],"replies":[{"embeddable":true,"href":"https:\/\/lavereda.com.mx\/index.php\/wp-json\/wp\/v2\/comments?post=5753"}],"version-history":[{"count":1,"href":"https:\/\/lavereda.com.mx\/index.php\/wp-json\/wp\/v2\/posts\/5753\/revisions"}],"predecessor-version":[{"id":5755,"href":"https:\/\/lavereda.com.mx\/index.php\/wp-json\/wp\/v2\/posts\/5753\/revisions\/5755"}],"wp:featuredmedia":[{"embeddable":true,"href":"https:\/\/lavereda.com.mx\/index.php\/wp-json\/wp\/v2\/media\/5754"}],"wp:attachment":[{"href":"https:\/\/lavereda.com.mx\/index.php\/wp-json\/wp\/v2\/media?parent=5753"}],"wp:term":[{"taxonomy":"category","embeddable":true,"href":"https:\/\/lavereda.com.mx\/index.php\/wp-json\/wp\/v2\/categories?post=5753"},{"taxonomy":"post_tag","embeddable":true,"href":"https:\/\/lavereda.com.mx\/index.php\/wp-json\/wp\/v2\/tags?post=5753"}],"curies":[{"name":"wp","href":"https:\/\/api.w.org\/{rel}","templated":true}]}}