{"id":5748,"date":"2024-01-17T02:26:43","date_gmt":"2024-01-17T02:26:43","guid":{"rendered":"http:\/\/lavereda.com.mx\/?p=5748"},"modified":"2024-01-17T02:26:43","modified_gmt":"2024-01-17T02:26:43","slug":"jose-agustin-un-autor-que-trascendio-generaciones","status":"publish","type":"post","link":"https:\/\/lavereda.com.mx\/index.php\/2024\/01\/17\/jose-agustin-un-autor-que-trascendio-generaciones\/","title":{"rendered":"Jos\u00e9 Agust\u00edn, un autor que trascendi\u00f3 generaciones"},"content":{"rendered":"\n<p>La comunidad cultural, en especial la literaria, lament\u00f3 esta tarde el deceso del precursor de la \u00abliteratura de la onda\u00bb, Jos\u00e9 Agust\u00edn, quien falleci\u00f3 el martes a la edad de 79 a\u00f1os.<\/p>\n\n\n\n<p><em>La tumba, De perfil, Se est\u00e1 haciendo tarde, El rock de la c\u00e1rcel, Ciudades desiertas, Cerca del fuego, La contracultura en M\u00e9xico y Dos horas de sol<\/em>&nbsp;son parte del legado literario del autor, que no solo incursion\u00f3 en la narrativa, sino tambi\u00e9n en cine, la traducci\u00f3n, el periodismo, el ensayo, la poes\u00eda y la dramaturgia.<\/p>\n\n\n\n<p>La titular de Cultura federal, Alejandra Frausto Guerrero, reconoci\u00f3 en Jos\u00e9 Agust\u00edn a un \u201crebelde con causa, de afable desenfado y brillantez infinita. Extra\u00f1aremos tu extraordinaria pluma que aliment\u00f3 todo: literatura, teatro, m\u00fasica, cine\u201d.<\/p>\n\n\n\n<p>En acuerdo con la familia, la Secretar\u00eda de Cultura y el Inbal definir\u00e1n la realizaci\u00f3n de un homenaje p\u00f3stumo al autor de\u00a0<em>Tragicomedia mexicana, La contracultura en M\u00e9xico\u00a0<\/em>y\u00a0<em>De perfil<\/em>, entre otras obras, apunt\u00f3.<\/p>\n\n\n\n<p>Por su parte, la directora general del Inbal, Lucina Jim\u00e9nez L\u00f3pez, afirm\u00f3 que Jos\u00e9 Agust\u00edn vincul\u00f3 mundos y lenguajes que antes no se reconoc\u00edan, \u201cse ha marchado, dejando un legado y un ejemplo de pasi\u00f3n y expresi\u00f3n literaria que marc\u00f3 a varias generaciones. Por acuerdo con su familia, ser\u00e1 velado en Morelos y habremos de hacer una ceremonia de despedida y agradecimiento en el Palacio de Bellas Artes\u201d.<\/p>\n\n\n\n<p>Jos\u00e9 Agust\u00edn, quien desde hace varias d\u00e9cadas radicaba en Cuernavaca, Morelos, obtuvo los premios Latinoamericano de narrativa Colima 1983, Nacional de Literatura&nbsp;<em>Juan Ruiz de Alarc\u00f3n<\/em>&nbsp;1993, Dos Oc\u00e9anos, otorgado por el Festival Internacional de Biarritz (1995); Premio Mazatl\u00e1n de Literatura 2005, por&nbsp;<em>Vida con mi viuda<\/em>; Medalla al M\u00e9rito en Artes, Ejecuci\u00f3n Musical y Art\u00edstica 2010, y Nacional de Ciencias y Artes en Ling\u00fc\u00edstica y Literatura en 2011, adem\u00e1s de que el Inbal le entreg\u00f3 la Medalla Bellas Artes en ese mismo a\u00f1o.<\/p>\n\n\n\n<p>Cabe recordar que el 21 de agosto de 2016, en la Sala&nbsp;<em>Manuel M Ponce<\/em>&nbsp;del Palacio de Bellas Artes se celebraron los 50 a\u00f1os de la publicaci\u00f3n de su segunda novela:&nbsp;<em>De perfil<\/em>, en donde Enrique Serna defini\u00f3 a Jos\u00e9 Agust\u00edn: \u201c\u2026Supo responder con sus historias a un periodo \u00e1lgido, el de los a\u00f1os sesenta, con un esp\u00edritu de rebeld\u00eda, libertad y juventud, personificado en escenas propias de la \u00e9poca. La clase media mexicana y su modo de hablar caracter\u00edstico aparecen renovados en sus relatos, como vistos por primera vez\u201d.<\/p>\n\n\n\n<p>En su amplia trayectoria, destaca la direcci\u00f3n del largometraje&nbsp;<em>Ya s\u00e9 qui\u00e9n eres\/Te he estado observando<\/em>&nbsp;y actu\u00f3 en la pel\u00edcula&nbsp;<em>De veras me atrapaste<\/em>, dirigida por Gerardo Pardo. En 1976 adapt\u00f3 para cine&nbsp;<em>El apando,<\/em>&nbsp;de Jos\u00e9 Revueltas, dirigida por Felipe Cazals.<\/p>\n","protected":false},"excerpt":{"rendered":"<p>La comunidad cultural, en especial la literaria, lament\u00f3 esta tarde el deceso del precursor de la \u00abliteratura de la onda\u00bb, Jos\u00e9 Agust\u00edn, quien falleci\u00f3 el martes a la edad de &hellip; <a href=\"https:\/\/lavereda.com.mx\/index.php\/2024\/01\/17\/jose-agustin-un-autor-que-trascendio-generaciones\/\" class=\"more-link\">Leer m\u00e1s<\/a><\/p>\n","protected":false},"author":9,"featured_media":5751,"comment_status":"open","ping_status":"open","sticky":false,"template":"","format":"standard","meta":{"footnotes":""},"categories":[5,18],"tags":[],"class_list":["post-5748","post","type-post","status-publish","format-standard","has-post-thumbnail","hentry","category-letras-y-libros","category-lomasrelevante","entry"],"_links":{"self":[{"href":"https:\/\/lavereda.com.mx\/index.php\/wp-json\/wp\/v2\/posts\/5748","targetHints":{"allow":["GET"]}}],"collection":[{"href":"https:\/\/lavereda.com.mx\/index.php\/wp-json\/wp\/v2\/posts"}],"about":[{"href":"https:\/\/lavereda.com.mx\/index.php\/wp-json\/wp\/v2\/types\/post"}],"author":[{"embeddable":true,"href":"https:\/\/lavereda.com.mx\/index.php\/wp-json\/wp\/v2\/users\/9"}],"replies":[{"embeddable":true,"href":"https:\/\/lavereda.com.mx\/index.php\/wp-json\/wp\/v2\/comments?post=5748"}],"version-history":[{"count":2,"href":"https:\/\/lavereda.com.mx\/index.php\/wp-json\/wp\/v2\/posts\/5748\/revisions"}],"predecessor-version":[{"id":5750,"href":"https:\/\/lavereda.com.mx\/index.php\/wp-json\/wp\/v2\/posts\/5748\/revisions\/5750"}],"wp:featuredmedia":[{"embeddable":true,"href":"https:\/\/lavereda.com.mx\/index.php\/wp-json\/wp\/v2\/media\/5751"}],"wp:attachment":[{"href":"https:\/\/lavereda.com.mx\/index.php\/wp-json\/wp\/v2\/media?parent=5748"}],"wp:term":[{"taxonomy":"category","embeddable":true,"href":"https:\/\/lavereda.com.mx\/index.php\/wp-json\/wp\/v2\/categories?post=5748"},{"taxonomy":"post_tag","embeddable":true,"href":"https:\/\/lavereda.com.mx\/index.php\/wp-json\/wp\/v2\/tags?post=5748"}],"curies":[{"name":"wp","href":"https:\/\/api.w.org\/{rel}","templated":true}]}}