{"id":5744,"date":"2024-01-14T18:46:55","date_gmt":"2024-01-14T18:46:55","guid":{"rendered":"http:\/\/lavereda.com.mx\/?p=5744"},"modified":"2024-01-14T18:46:55","modified_gmt":"2024-01-14T18:46:55","slug":"presentan-a-la-nueva-directora-del-teatro-isauro-martinez","status":"publish","type":"post","link":"https:\/\/lavereda.com.mx\/index.php\/2024\/01\/14\/presentan-a-la-nueva-directora-del-teatro-isauro-martinez\/","title":{"rendered":"Presentan a la nueva directora del Teatro Isauro Mart\u00ednez"},"content":{"rendered":"\n<p>El presidente del patronato del Teatro Isauro Mart\u00ednez, Antonio Anaya Finck, present\u00f3 el pasado viernes a la nueva directora del recinto, Cecilia Cansino, quien entr\u00f3 en funciones el pasado mes de noviembre.<\/p>\n\n\n\n<p>&nbsp;El Teatro Isauro, recinto que forma parte de la red de teatros del INBA, estuvo m\u00e1s de un a\u00f1o sin direcci\u00f3n, despu\u00e9s de la salida de la promotora de artes Lourdes Bernal.<\/p>\n\n\n\n<p>En rueda de prensa, Antonio Anaya, quien desde hace unos meses est\u00e1 al frente del patronato, coment\u00f3 que uno de los proyectos de este a\u00f1o es continuar trabajando con la Camerata de Coahuila, como teatro sede.<\/p>\n\n\n\n<p>\u201cVamos a tener una nueva visi\u00f3n, un abanico m\u00e1s grande de eventos, m\u00e1s impacto en la sociedad\u201d.<\/p>\n\n\n\n<p>Sobre la nueva directora, Ana Cecilia Cansino, coment\u00f3 que \u201csiempre que uno es nuevo comienza a hacer proyectos y planes.\u201d&nbsp;<\/p>\n\n\n\n<p>Ella ha trabajado en \u00e1reas administrativas y es la primera vez que est\u00e1 frente a un proyecto cultural.<\/p>\n\n\n\n<p>\u201cEs una persona que tiene toda la capacidad\u201d, dijo, en cuanto a su experiencia en este rubro agreg\u00f3 \u201c como ella estuvo fuera de Torre\u00f3n no conoce al gremio art\u00edstico, pero tiene herramientas para reunirse con la comunidad cultural\u201d.<\/p>\n\n\n\n<p>Respecto al estado actual del teatro, Anaya Finck dijo que \u201crecibimos bien el teatro, la cultura siempre requiere de recursos, no mucha gente le mete dinero, tenemos el apoyo de los gobiernos municipal y estatal. Estamos empezando bien el a\u00f1o\u201d.&nbsp;<\/p>\n\n\n\n<p>Dijo que se le pedir\u00e1 apoyo a la Secretar\u00eda de Cultura del estado para continuar trabajando en conjunto.<\/p>\n","protected":false},"excerpt":{"rendered":"<p>El presidente del patronato del Teatro Isauro Mart\u00ednez, Antonio Anaya Finck, present\u00f3 el pasado viernes a la nueva directora del recinto, Cecilia Cansino, quien entr\u00f3 en funciones el pasado mes &hellip; <a href=\"https:\/\/lavereda.com.mx\/index.php\/2024\/01\/14\/presentan-a-la-nueva-directora-del-teatro-isauro-martinez\/\" class=\"more-link\">Leer m\u00e1s<\/a><\/p>\n","protected":false},"author":9,"featured_media":5745,"comment_status":"open","ping_status":"open","sticky":false,"template":"","format":"standard","meta":{"footnotes":""},"categories":[2,18],"tags":[36,30],"class_list":["post-5744","post","type-post","status-publish","format-standard","has-post-thumbnail","hentry","category-artes-escenicas","category-lomasrelevante","tag-teatro","tag-torreon","entry"],"_links":{"self":[{"href":"https:\/\/lavereda.com.mx\/index.php\/wp-json\/wp\/v2\/posts\/5744","targetHints":{"allow":["GET"]}}],"collection":[{"href":"https:\/\/lavereda.com.mx\/index.php\/wp-json\/wp\/v2\/posts"}],"about":[{"href":"https:\/\/lavereda.com.mx\/index.php\/wp-json\/wp\/v2\/types\/post"}],"author":[{"embeddable":true,"href":"https:\/\/lavereda.com.mx\/index.php\/wp-json\/wp\/v2\/users\/9"}],"replies":[{"embeddable":true,"href":"https:\/\/lavereda.com.mx\/index.php\/wp-json\/wp\/v2\/comments?post=5744"}],"version-history":[{"count":1,"href":"https:\/\/lavereda.com.mx\/index.php\/wp-json\/wp\/v2\/posts\/5744\/revisions"}],"predecessor-version":[{"id":5746,"href":"https:\/\/lavereda.com.mx\/index.php\/wp-json\/wp\/v2\/posts\/5744\/revisions\/5746"}],"wp:featuredmedia":[{"embeddable":true,"href":"https:\/\/lavereda.com.mx\/index.php\/wp-json\/wp\/v2\/media\/5745"}],"wp:attachment":[{"href":"https:\/\/lavereda.com.mx\/index.php\/wp-json\/wp\/v2\/media?parent=5744"}],"wp:term":[{"taxonomy":"category","embeddable":true,"href":"https:\/\/lavereda.com.mx\/index.php\/wp-json\/wp\/v2\/categories?post=5744"},{"taxonomy":"post_tag","embeddable":true,"href":"https:\/\/lavereda.com.mx\/index.php\/wp-json\/wp\/v2\/tags?post=5744"}],"curies":[{"name":"wp","href":"https:\/\/api.w.org\/{rel}","templated":true}]}}