{"id":5738,"date":"2024-01-10T18:35:37","date_gmt":"2024-01-10T18:35:37","guid":{"rendered":"http:\/\/lavereda.com.mx\/?p=5738"},"modified":"2024-01-10T18:35:38","modified_gmt":"2024-01-10T18:35:38","slug":"la-camerata-celebrara-su-30-aniversario-este-2024","status":"publish","type":"post","link":"https:\/\/lavereda.com.mx\/index.php\/2024\/01\/10\/la-camerata-celebrara-su-30-aniversario-este-2024\/","title":{"rendered":"La Camerata celebrar\u00e1 su 30 aniversario este 2024"},"content":{"rendered":"\n<p>Este 2024 la Camerata de Coahuila volver\u00e1 a los escenarios con una temporada conmemorativa con motivo de su 30 aniversario, en la que se contempla un a\u00f1o completo de festejos. <\/p>\n\n\n\n<p>La temporada del 2024 estar\u00e1 conformada por la \u201cnovena sinfon\u00eda\u201d de Beethoven, concierto especial con m\u00fasica de Broadway, \u201cDe liebres, tortugas y bemoles\u201d con la narraci\u00f3n de Mario Iv\u00e1n Mart\u00ednez, adem\u00e1s de la \u00d3pera \u201cCarmen\u201d de Georges Bizet.<\/p>\n\n\n\n<p>Con tres d\u00e9cadas de difundir la m\u00fasica de concierto, Camerata es considerada una de las agrupaciones sinf\u00f3nicas de mayor importancia del norte del pa\u00eds. A lo largo de 30 a\u00f1os se ha presentado en el Palacio de Bellas Artes, la Sala Nezahualc\u00f3yotl en la Ciudad de M\u00e9xico, el Alc\u00e1zar del Castillo de Chapultepec, as\u00ed como los festivales m\u00e1s emblem\u00e1ticos del pa\u00eds como: el Festival Internacional Cervantino, el Festival Ceiba en Villahermosa, el Festival Internacional Tamaulipas, Festival Internacional Julio Torri de Coahuila.  Sus giras fuera del pa\u00eds comprenden los Estados Unidos, Cuba y Colombia.<\/p>\n\n\n\n<p>La orquesta inform\u00f3 que por cuarto a\u00f1o consecutivo fue acreedora del est\u00edmulo de Proyectos de Inversi\u00f3n autorizados del est\u00edmulo fiscal EFIARTES de la Secretar\u00eda de Hacienda y Cr\u00e9dito P\u00fablico; gracias a este est\u00edmulo se realizar\u00e1 la producci\u00f3n de la \u00f3pera de \u201cCarmen\u201d de Georges Bizet.<br><\/p>\n\n\n\n<p>Los conciertos ser\u00e1n conducidos por Ram\u00f3n Shade director art\u00edstico de la orquesta y del Maestro Ethan Eager, adem\u00e1s de la participaci\u00f3n de integrantes de la orquesta como solistas. <\/p>\n\n\n\n<p>Para iniciar con el pie derecho, Camerata de Coahuila presentar\u00e1 su \u201cConcierto de A\u00f1o Nuevo\u201d un tradicional concierto conformado valses, polkas y marchas de los compositores Franz von Supp\u00e9, Johann Straus II y Jacques Offenbach, bajo la batuta del Mtro. Ram\u00f3n Shade, este viernes 12 de enero en punto de las 20:30 horas, en el Teatro Isauro Mart\u00ednez.<\/p>\n","protected":false},"excerpt":{"rendered":"<p>Este 2024 la Camerata de Coahuila volver\u00e1 a los escenarios con una temporada conmemorativa con motivo de su 30 aniversario, en la que se contempla un a\u00f1o completo de festejos. &hellip; <a href=\"https:\/\/lavereda.com.mx\/index.php\/2024\/01\/10\/la-camerata-celebrara-su-30-aniversario-este-2024\/\" class=\"more-link\">Leer m\u00e1s<\/a><\/p>\n","protected":false},"author":9,"featured_media":5646,"comment_status":"open","ping_status":"open","sticky":false,"template":"","format":"standard","meta":{"footnotes":""},"categories":[18,4],"tags":[],"class_list":["post-5738","post","type-post","status-publish","format-standard","has-post-thumbnail","hentry","category-lomasrelevante","category-musica","entry"],"_links":{"self":[{"href":"https:\/\/lavereda.com.mx\/index.php\/wp-json\/wp\/v2\/posts\/5738","targetHints":{"allow":["GET"]}}],"collection":[{"href":"https:\/\/lavereda.com.mx\/index.php\/wp-json\/wp\/v2\/posts"}],"about":[{"href":"https:\/\/lavereda.com.mx\/index.php\/wp-json\/wp\/v2\/types\/post"}],"author":[{"embeddable":true,"href":"https:\/\/lavereda.com.mx\/index.php\/wp-json\/wp\/v2\/users\/9"}],"replies":[{"embeddable":true,"href":"https:\/\/lavereda.com.mx\/index.php\/wp-json\/wp\/v2\/comments?post=5738"}],"version-history":[{"count":2,"href":"https:\/\/lavereda.com.mx\/index.php\/wp-json\/wp\/v2\/posts\/5738\/revisions"}],"predecessor-version":[{"id":5740,"href":"https:\/\/lavereda.com.mx\/index.php\/wp-json\/wp\/v2\/posts\/5738\/revisions\/5740"}],"wp:featuredmedia":[{"embeddable":true,"href":"https:\/\/lavereda.com.mx\/index.php\/wp-json\/wp\/v2\/media\/5646"}],"wp:attachment":[{"href":"https:\/\/lavereda.com.mx\/index.php\/wp-json\/wp\/v2\/media?parent=5738"}],"wp:term":[{"taxonomy":"category","embeddable":true,"href":"https:\/\/lavereda.com.mx\/index.php\/wp-json\/wp\/v2\/categories?post=5738"},{"taxonomy":"post_tag","embeddable":true,"href":"https:\/\/lavereda.com.mx\/index.php\/wp-json\/wp\/v2\/tags?post=5738"}],"curies":[{"name":"wp","href":"https:\/\/api.w.org\/{rel}","templated":true}]}}