{"id":5735,"date":"2024-01-08T02:54:12","date_gmt":"2024-01-08T02:54:12","guid":{"rendered":"http:\/\/lavereda.com.mx\/?p=5735"},"modified":"2024-01-08T02:54:13","modified_gmt":"2024-01-08T02:54:13","slug":"the-crown-temporada-6-parte-2","status":"publish","type":"post","link":"https:\/\/lavereda.com.mx\/index.php\/2024\/01\/08\/the-crown-temporada-6-parte-2\/","title":{"rendered":"The Crown (Temporada 6. Parte 2)"},"content":{"rendered":"\n<p><strong>The Crown (S 06. P 2), 2023<\/strong><\/p>\n\n\n\n<p><strong>Netflix<\/strong><\/p>\n\n\n\n<p>La aclamada serie llega a su final.<\/p>\n\n\n\n<p>En esta segunda y \u00faltima parte, de seis episodios se aborda el ascenso del pr\u00edncipe William, despu\u00e9s de la muerte de Diana.<\/p>\n\n\n\n<p>Se muestra c\u00f3mo el joven y apuesto heredero del trono tiene que lidiar con la prensa, mientras crece melanc\u00f3lico y deprimido, alejado de su padre, que siente que le fall\u00f3 a su madre.<\/p>\n\n\n\n<p>Acompa\u00f1ado de su hermano Henry, descuidado y problem\u00e1tico, William debe asumir un papel formal dentro de la monarqu\u00eda y lentamente comienza a tomar en serio su papel.<\/p>\n\n\n\n<p>Mientras, se da tiempo para el amor y conoce a Kate Middleton, la chica m\u00e1s codiciada del colegio.<\/p>\n\n\n\n<p>Es un buen cierre, que termina con la despedida de la reina Elizabeth.<\/p>\n\n\n\n<p>Una gran serie, excelentemente producida y actuada y que explica con precisi\u00f3n, c\u00f3mo ha sido uno de los episodios m\u00e1s importantes de la historia moderna protagonizados por la fallecida soberana.<\/p>\n\n\n\n<p>(PG-13. Orientaci\u00f3n de los padres a menores de 13 a\u00f1os)<\/p>\n\n\n\n<p>@LucianoCamposG<\/p>\n\n\n\n<figure class=\"wp-block-embed is-type-video is-provider-youtube wp-block-embed-youtube wp-embed-aspect-16-9 wp-has-aspect-ratio\"><div class=\"wp-block-embed__wrapper\">\n<iframe title=\"The Crown: Temporada\u00a06 | Tr\u00e1iler de la parte\u00a02 | Netflix\" width=\"1170\" height=\"658\" src=\"https:\/\/www.youtube.com\/embed\/VnyambsgngY?feature=oembed\" frameborder=\"0\" allow=\"accelerometer; autoplay; clipboard-write; encrypted-media; gyroscope; picture-in-picture; web-share\" allowfullscreen><\/iframe>\n<\/div><\/figure>\n","protected":false},"excerpt":{"rendered":"<p>The Crown (S 06. P 2), 2023 Netflix La aclamada serie llega a su final. En esta segunda y \u00faltima parte, de seis episodios se aborda el ascenso del pr\u00edncipe &hellip; <a href=\"https:\/\/lavereda.com.mx\/index.php\/2024\/01\/08\/the-crown-temporada-6-parte-2\/\" class=\"more-link\">Leer m\u00e1s<\/a><\/p>\n","protected":false},"author":3,"featured_media":5736,"comment_status":"open","ping_status":"open","sticky":false,"template":"","format":"standard","meta":{"footnotes":""},"categories":[6,7,18],"tags":[56],"class_list":["post-5735","post","type-post","status-publish","format-standard","has-post-thumbnail","hentry","category-cinetv","category-entretenimiento","category-lomasrelevante","tag-netflix","entry"],"_links":{"self":[{"href":"https:\/\/lavereda.com.mx\/index.php\/wp-json\/wp\/v2\/posts\/5735","targetHints":{"allow":["GET"]}}],"collection":[{"href":"https:\/\/lavereda.com.mx\/index.php\/wp-json\/wp\/v2\/posts"}],"about":[{"href":"https:\/\/lavereda.com.mx\/index.php\/wp-json\/wp\/v2\/types\/post"}],"author":[{"embeddable":true,"href":"https:\/\/lavereda.com.mx\/index.php\/wp-json\/wp\/v2\/users\/3"}],"replies":[{"embeddable":true,"href":"https:\/\/lavereda.com.mx\/index.php\/wp-json\/wp\/v2\/comments?post=5735"}],"version-history":[{"count":1,"href":"https:\/\/lavereda.com.mx\/index.php\/wp-json\/wp\/v2\/posts\/5735\/revisions"}],"predecessor-version":[{"id":5737,"href":"https:\/\/lavereda.com.mx\/index.php\/wp-json\/wp\/v2\/posts\/5735\/revisions\/5737"}],"wp:featuredmedia":[{"embeddable":true,"href":"https:\/\/lavereda.com.mx\/index.php\/wp-json\/wp\/v2\/media\/5736"}],"wp:attachment":[{"href":"https:\/\/lavereda.com.mx\/index.php\/wp-json\/wp\/v2\/media?parent=5735"}],"wp:term":[{"taxonomy":"category","embeddable":true,"href":"https:\/\/lavereda.com.mx\/index.php\/wp-json\/wp\/v2\/categories?post=5735"},{"taxonomy":"post_tag","embeddable":true,"href":"https:\/\/lavereda.com.mx\/index.php\/wp-json\/wp\/v2\/tags?post=5735"}],"curies":[{"name":"wp","href":"https:\/\/api.w.org\/{rel}","templated":true}]}}