{"id":5731,"date":"2024-01-05T23:58:12","date_gmt":"2024-01-05T23:58:12","guid":{"rendered":"http:\/\/lavereda.com.mx\/?p=5731"},"modified":"2024-01-05T23:58:13","modified_gmt":"2024-01-05T23:58:13","slug":"kimitachi-wa-do-ikiru-ka-el-nino-y-la-garza-2023","status":"publish","type":"post","link":"https:\/\/lavereda.com.mx\/index.php\/2024\/01\/05\/kimitachi-wa-do-ikiru-ka-el-nino-y-la-garza-2023\/","title":{"rendered":"Kimitachi wa D\u014d Ikiru ka (El ni\u00f1o y la garza, 2023)"},"content":{"rendered":"\n<p>A estas alturas no es necesario hablar mucho sobre Studio Ghibli para que el p\u00fablico est\u00e9 al tanto de la importancia del estudio y sus producciones. Pilar de las cintas animadas de Jap\u00f3n (y del mundo), realizador de grandes \u00e9xitos tanto de cr\u00edtica como de taquilla, m\u00e1gicas y surrealistas historias que se han contado a lo largo de 21 pel\u00edculas que se realizaron durante los primeros 29 a\u00f1os de vida del estudio.<\/p>\n\n\n\n<p>Despu\u00e9s de tomar la decisi\u00f3n de suspender sus actividades en el a\u00f1o 2014, debido al retiro del fundador y principal director del estudio, Hayao Miyazaki, retomar\u00edan sus actividades para desarrollar, hasta el momento, dos cintas m\u00e1s: su \u00fanica pel\u00edcula realizada enteramente en CGI, \u0100ya to Majo en el 2020; pero, sobre todo, la que regres\u00f3 a Miyazaki al mundo de la animaci\u00f3n y de la que hoy escribo, titulada Kimitachi wa D\u014d Ikiru ka (\u00bfC\u00f3mo viven? en su traducci\u00f3n literal), decima como director y decimotercera como guionista que realiza para la compa\u00f1\u00eda que ayudo a crear.<\/p>\n\n\n\n<p>Mucho se ha dicho sobre que esta es la historia m\u00e1s personal que el director ha escrito y es verdad, ya que varios de los aspectos que toma fueron extra\u00eddos de su propia historia y muchos de los personajes que aparecen en esta pel\u00edcula fueron creados a partir de algunas de las personas m\u00e1s cercanas en la vida del realizador, incluyendo su amigo reci\u00e9n fallecido, director y tambi\u00e9n fundador de su estudio, <a>Isao Takahata<\/a>.<\/p>\n\n\n\n<p>En esta ocasi\u00f3n, tratando de explicar de manera simplificada la trama (las met\u00e1foras y simbolismos son tema aparte), seguimos la historia de Mahito, un ni\u00f1o de Tokio que sufre la p\u00e9rdida de su madre debido a la Guerra del Pacifico en 1943. Por tal motivo, despu\u00e9s de 3 a\u00f1os de lo sucedido, \u00e9l y su padre se mudan a una finca en el campo, lugar donde su familia cuenta con una f\u00e1brica que produce partes para aviones de guerra. En este lugar se nos muestra que su padre se ha vuelto a casar con la hermana menor de su difunta esposa, quien se encuentra a poco tiempo de finalizar su embarazo. Todo esto perturba al ni\u00f1o, quien no est\u00e1 conforme con la nueva relaci\u00f3n de su padre, con la mudanza y con la vida que se le ha obligado a llevar en ese lugar, en la que el peque\u00f1o no logra encajar. En medio de todo este drama familiar, Mahito encuentra una extra\u00f1a garza real que lo gu\u00eda hasta una torre cercana a la propiedad donde vive, misma que esconce dentro de sus paredes m\u00e1gicos y misteriosos secretos que han pesado sobre su familia desde generaciones anteriores, mismos que le son revelados una vez que se atreve a adentrarse en la estructura.&nbsp;<\/p>\n\n\n\n<p>Con este proyecto Miyazaki demuestra estar en plena forma, regresando con la que es posible la mejor cinta del estudio en mucho tiempo; es probable que nunca hayan producido una mala pel\u00edcula y que dentro de su filmograf\u00eda existan mejores pero, en definitiva, con esta ha vuelto a demostrar los niveles a los que nos acostumbraron en sus etapas tempranas. Alej\u00e1ndose un poco de los tonos sensibles y hasta cierto punto inocentes que se han manejado con anterioridad, el director opt\u00f3 por dotar a su cinta personal de un tono m\u00e1s oscuro y tenebroso que sus obras anteriores, lo cual puede deberse al momento personal que vive desde el momento en que decidi\u00f3 ese periodo de retiro a\u00f1os atr\u00e1s, hasta la muerte de uno de sus amigos m\u00e1s cercanos.<\/p>\n\n\n\n<p>Para poder entender esta historia es necesario estar al tanto de la vida del realizador, por lo menos para comprender ciertas situaciones que se dan en la trama. Con esto me refiero a las partes que toma directamente de su vida, ya que toda producci\u00f3n que recurra a las met\u00e1foras y representaciones surrealistas de pasajes y personajes de su vida pueden variar en sus lecturas de persona a persona, aunque al final sea el director el \u00fanico que sepa en realidad que quiso decir o a quien quiso honrar con cada uno, situaci\u00f3n que se mantendr\u00e1 en inc\u00f3gnita hasta el momento en que el decida explicar en su totalidad cada detalle de su obra, si es que en alg\u00fan momento lo hace.<\/p>\n\n\n\n<p>En este sentido podemos saber con claridad que la introducci\u00f3n y la base de la historia son ver\u00eddicas, ya que el mismo director tuvo que abandonar su ciudad natal para vivir en el campo, tal cual lo hace Mahito, debido a que su padre era propietario de una f\u00e1brica que produc\u00eda partes para aviones, aunque esto no se haya debido a la muerte de su madre. De la misma manera, el volver\u00eda tiempo despu\u00e9s a su lugar de origen, una vez que la guerra finalizo. Esta situaci\u00f3n ha sido comentada por \u00e9l mismo en varias ocasiones, demostrando la culpa que sinti\u00f3 al saberse privilegiado por el estrato social al que pertenec\u00eda su familia, lo que provoc\u00f3 en \u00e9l el vergonzoso recuerdo de salir resguardado de una ciudad en ruinas, con miles de personas padeciendo carencias y dolor, mientras ellos tomaban rumbo a un lugar donde dichas cuestiones no los afectar\u00edan. Una situaci\u00f3n que ha arrastrado desde su infancia y que apenas ha podido expiar gracias a este proyecto.<\/p>\n\n\n\n<p>Hasta este punto es lo que puedo explicar, las referencias b\u00e1sicas y simplistas, ya que no pienso caer en el juego de tratar de definir de que va en realidad esta historia en el fondo, como mucho lo han hecho, contrastando y chocando sus puntos de vista unos con otros. Como he dicho, ninguno tenemos el poder de ver dentro de la cabeza de Miyazaki para saber la verdad absoluta sobre lo que quiso decirnos; pero el s\u00ed lo tuvo para crear una narraci\u00f3n que ha logrado que todos encontremos significados en ella con los cuales proyectarnos, lo cual es por mucho un logro muy grande para todo tipo de mensaje. El enojo del ni\u00f1o esta ah\u00ed, es evidente; sus miedos y traumas infantiles tambi\u00e9n, se nos muestran desde esa potente escena de apertura; el dejar ir y ver el mundo desde una perspectiva en el que uno acepta que no es el centro del universo, que nuestros problemas no son tan importantes si los comparamos con el todo. Podemos hablar sobre muchos mensajes, referencias, met\u00e1foras o como queramos llamar a esas situaciones plagadas de misticismo que el director nos ha regalado, s\u00f3lo para aceptar que este es uno de esos casos donde la historia no se ve o se escucha, sino que se siente y eso es un regalo.<\/p>\n\n\n\n<p>Por este motivo es que resulta casi imposible dar un tratamiento com\u00fan en esta ocasi\u00f3n, dejando los aspectos t\u00e9cnicos o lastres que pueda tener en contra sin el peso suficiente para que resulten un aspecto detractor. S\u00ed, la cinta es maravillosa, pero eso no impide que resulte notorio en cierto sentido que el gui\u00f3n fue reescrito sobre la marcha debido a la muerte de Isao Takahata, lo que hizo que la relaci\u00f3n del protagonista con ciertos personajes se extendiera y eso provocara ciertas inconsistencias. \u00bfEsto es notorio para todos o s\u00f3lo para los que estamos al tanto de la situaci\u00f3n? Posiblemente sea exclusivo para los que pertenecemos al segundo grupo, ya que los primeros no deben ni notarlo, porque cuando la proyecci\u00f3n inicia y su perfecta animaci\u00f3n on\u00edrica se entrelaza con la magn\u00edfica partitura de Joe Hisaishi, hasta nosotros pasamos por alto estas cuestiones, dej\u00e1ndonos llevar y enamorar, para comenzar a sentir y vivir semejante maravilla.<\/p>\n\n\n\n<p>Hasta el momento no se sabe si esta ser\u00e1 la \u00faltima pel\u00edcula de Hayao Miyazaki, si dej\u00f3 su retiro autoimpuesto porque ten\u00eda que mostrar al mundo este otro pasaje de su vida o si todav\u00eda cree que tiene mucho que contar en futuros proyectos. Cual sea la situaci\u00f3n, se agradece este regreso, sin importar lo que venga en un futuro para \u00e9l y su estudio, ya que su huella ha quedado grabada para la posteridad y este podr\u00eda ser un cierre perfecto para el trabajo de una vida como la de \u00e9l.<\/p>\n","protected":false},"excerpt":{"rendered":"<p>A estas alturas no es necesario hablar mucho sobre Studio Ghibli para que el p\u00fablico est\u00e9 al tanto de la importancia del estudio y sus producciones. Pilar de las cintas &hellip; <a href=\"https:\/\/lavereda.com.mx\/index.php\/2024\/01\/05\/kimitachi-wa-do-ikiru-ka-el-nino-y-la-garza-2023\/\" class=\"more-link\">Leer m\u00e1s<\/a><\/p>\n","protected":false},"author":13,"featured_media":5733,"comment_status":"open","ping_status":"open","sticky":false,"template":"","format":"standard","meta":{"footnotes":""},"categories":[6,7,18],"tags":[40],"class_list":["post-5731","post","type-post","status-publish","format-standard","has-post-thumbnail","hentry","category-cinetv","category-entretenimiento","category-lomasrelevante","tag-cine","entry"],"_links":{"self":[{"href":"https:\/\/lavereda.com.mx\/index.php\/wp-json\/wp\/v2\/posts\/5731","targetHints":{"allow":["GET"]}}],"collection":[{"href":"https:\/\/lavereda.com.mx\/index.php\/wp-json\/wp\/v2\/posts"}],"about":[{"href":"https:\/\/lavereda.com.mx\/index.php\/wp-json\/wp\/v2\/types\/post"}],"author":[{"embeddable":true,"href":"https:\/\/lavereda.com.mx\/index.php\/wp-json\/wp\/v2\/users\/13"}],"replies":[{"embeddable":true,"href":"https:\/\/lavereda.com.mx\/index.php\/wp-json\/wp\/v2\/comments?post=5731"}],"version-history":[{"count":1,"href":"https:\/\/lavereda.com.mx\/index.php\/wp-json\/wp\/v2\/posts\/5731\/revisions"}],"predecessor-version":[{"id":5732,"href":"https:\/\/lavereda.com.mx\/index.php\/wp-json\/wp\/v2\/posts\/5731\/revisions\/5732"}],"wp:featuredmedia":[{"embeddable":true,"href":"https:\/\/lavereda.com.mx\/index.php\/wp-json\/wp\/v2\/media\/5733"}],"wp:attachment":[{"href":"https:\/\/lavereda.com.mx\/index.php\/wp-json\/wp\/v2\/media?parent=5731"}],"wp:term":[{"taxonomy":"category","embeddable":true,"href":"https:\/\/lavereda.com.mx\/index.php\/wp-json\/wp\/v2\/categories?post=5731"},{"taxonomy":"post_tag","embeddable":true,"href":"https:\/\/lavereda.com.mx\/index.php\/wp-json\/wp\/v2\/tags?post=5731"}],"curies":[{"name":"wp","href":"https:\/\/api.w.org\/{rel}","templated":true}]}}