{"id":5728,"date":"2024-01-04T01:24:25","date_gmt":"2024-01-04T01:24:25","guid":{"rendered":"http:\/\/lavereda.com.mx\/?p=5728"},"modified":"2024-01-04T01:24:26","modified_gmt":"2024-01-04T01:24:26","slug":"retoman-clases-escuelas-de-iniciacion-artistica","status":"publish","type":"post","link":"https:\/\/lavereda.com.mx\/index.php\/2024\/01\/04\/retoman-clases-escuelas-de-iniciacion-artistica\/","title":{"rendered":"Retoman clases Escuelas de Iniciaci\u00f3n Art\u00edstica"},"content":{"rendered":"\n<p>Desde el a\u00f1o pasado el Centro Cultural Jos\u00e9 R. Mijares se adhiri\u00f3 al Programa Nacional de Escuelas de Iniciaci\u00f3n Art\u00edstica asociadas al Instituto Nacional de Bellas Artes y Literatura (PNEIAA).<\/p>\n\n\n\n<p>El Instituto Municipal de Cultura y Educaci\u00f3n anunci\u00f3 el inicio de clases de este programa, el 3 de enero del 2024 en el Centro Cultural.<\/p>\n\n\n\n<p>El PNEIAA es un proyecto educativo que ofrece a ni\u00f1as y ni\u00f1os de 6 a 13 a\u00f1os de edad, la posibilidad de acercarse a las artes y la cultura, a \u00e1reas espec\u00edficas como m\u00fasica, artes visuales, teatro o danza y de recibir una educaci\u00f3n formal durante tres a\u00f1os en horario vespertino. Se cuenta con profesores capacitados y acompa\u00f1ados en todo momento por profesores y directivos del INBAL.<\/p>\n\n\n\n<p>En este segundo semestre escolar, que finalizar\u00e1 el pr\u00f3ximo 3 de febrero, los alumnos han seleccionado \u00e1reas como teatro, m\u00fasica, artes visuales y una serie de sesiones interdisciplinarias que ayudan a los estudiantes a elegir para que en el tercer semestre, que comenzar\u00e1 el 26 de febrero, puedan especializarse en un instrumento musical en concreto, danza cl\u00e1sica o contempor\u00e1nea o teatro.<\/p>\n\n\n\n<p>La planta de profesores cuenta con una amplia trayectoria art\u00edstica y de promotor\u00eda cultural: Karla C\u00e1rdenas Lugo en danza, Claudia Mon\u00e1rrez Favela en teatro, Esl\u00ed Garc\u00eda Garc\u00eda en artes visuales y a Fidel P\u00e9rez Mac\u00edas en m\u00fasica.<\/p>\n\n\n\n<p>Las personas interesadas en que estudien sus hijos en este programa, pueden visitar la p\u00e1gina de Facebook del Centro Cultural Jos\u00e9 R. Mijares y solicitar informes a partir del d\u00eda 3 de enero, tambi\u00e9n pueden acudir directamente a las instalaciones del Centro, ubicado en calle Juan Gutenberg y avenida Bravo o llamar al tel\u00e9fono <a href=\"tel:8717132644\">871 713 2644<\/a>.<\/p>\n","protected":false},"excerpt":{"rendered":"<p>Desde el a\u00f1o pasado el Centro Cultural Jos\u00e9 R. Mijares se adhiri\u00f3 al Programa Nacional de Escuelas de Iniciaci\u00f3n Art\u00edstica asociadas al Instituto Nacional de Bellas Artes y Literatura (PNEIAA). &hellip; <a href=\"https:\/\/lavereda.com.mx\/index.php\/2024\/01\/04\/retoman-clases-escuelas-de-iniciacion-artistica\/\" class=\"more-link\">Leer m\u00e1s<\/a><\/p>\n","protected":false},"author":9,"featured_media":5729,"comment_status":"open","ping_status":"open","sticky":false,"template":"","format":"standard","meta":{"footnotes":""},"categories":[2,18],"tags":[],"class_list":["post-5728","post","type-post","status-publish","format-standard","has-post-thumbnail","hentry","category-artes-escenicas","category-lomasrelevante","entry"],"_links":{"self":[{"href":"https:\/\/lavereda.com.mx\/index.php\/wp-json\/wp\/v2\/posts\/5728","targetHints":{"allow":["GET"]}}],"collection":[{"href":"https:\/\/lavereda.com.mx\/index.php\/wp-json\/wp\/v2\/posts"}],"about":[{"href":"https:\/\/lavereda.com.mx\/index.php\/wp-json\/wp\/v2\/types\/post"}],"author":[{"embeddable":true,"href":"https:\/\/lavereda.com.mx\/index.php\/wp-json\/wp\/v2\/users\/9"}],"replies":[{"embeddable":true,"href":"https:\/\/lavereda.com.mx\/index.php\/wp-json\/wp\/v2\/comments?post=5728"}],"version-history":[{"count":1,"href":"https:\/\/lavereda.com.mx\/index.php\/wp-json\/wp\/v2\/posts\/5728\/revisions"}],"predecessor-version":[{"id":5730,"href":"https:\/\/lavereda.com.mx\/index.php\/wp-json\/wp\/v2\/posts\/5728\/revisions\/5730"}],"wp:featuredmedia":[{"embeddable":true,"href":"https:\/\/lavereda.com.mx\/index.php\/wp-json\/wp\/v2\/media\/5729"}],"wp:attachment":[{"href":"https:\/\/lavereda.com.mx\/index.php\/wp-json\/wp\/v2\/media?parent=5728"}],"wp:term":[{"taxonomy":"category","embeddable":true,"href":"https:\/\/lavereda.com.mx\/index.php\/wp-json\/wp\/v2\/categories?post=5728"},{"taxonomy":"post_tag","embeddable":true,"href":"https:\/\/lavereda.com.mx\/index.php\/wp-json\/wp\/v2\/tags?post=5728"}],"curies":[{"name":"wp","href":"https:\/\/api.w.org\/{rel}","templated":true}]}}